{"id":23596,"date":"2023-04-14T10:27:10","date_gmt":"2023-04-14T07:27:10","guid":{"rendered":"https:\/\/prolift.ee\/tervetuloa-maamessuille-pro-liftin-osastolle-vp-105\/"},"modified":"2023-04-24T09:57:01","modified_gmt":"2023-04-24T06:57:01","slug":"maamessu-pro-lift","status":"publish","type":"post","link":"https:\/\/prolift.ee\/fi\/maamessu-pro-lift\/","title":{"rendered":"Tervetuloa Maamessuille Pro Liftin osastolle VP-105!"},"content":{"rendered":"\t\t<div data-elementor-type=\"wp-post\" data-elementor-id=\"23596\" class=\"elementor elementor-23596 elementor-23562\" data-elementor-post-type=\"post\">\n\t\t\t\t\t\t<section class=\"elementor-section elementor-top-section elementor-element elementor-element-3bf8160d elementor-section-boxed elementor-section-height-default elementor-section-height-default\" data-id=\"3bf8160d\" data-element_type=\"section\" data-e-type=\"section\">\n\t\t\t\t\t\t<div class=\"elementor-container elementor-column-gap-default\">\n\t\t\t\t\t<div class=\"elementor-column elementor-col-100 elementor-top-column elementor-element elementor-element-2cf56eab\" data-id=\"2cf56eab\" data-element_type=\"column\" data-e-type=\"column\">\n\t\t\t<div class=\"elementor-widget-wrap elementor-element-populated\">\n\t\t\t\t\t\t<div class=\"elementor-element elementor-element-5c2ad92 elementor-widget elementor-widget-text-editor\" data-id=\"5c2ad92\" data-element_type=\"widget\" data-e-type=\"widget\" data-widget_type=\"text-editor.default\">\n\t\t\t\t<div class=\"elementor-widget-container\">\n\t\t\t\t\t\t\t\t\t<h3 id=\"tw-target-text\" class=\"tw-data-text tw-text-large tw-ta\" dir=\"ltr\" data-placeholder=\"Translation\"><span class=\"Y2IQFc\" lang=\"fi\">On Maamessiin aika, ja t\u00e4n\u00e4 vuonna l\u00f6yd\u00e4tte meid\u00e4t alueelta VP-105. Tervetuloa! <\/span><\/h3>\n<p class=\"tw-data-text tw-text-large tw-ta\" dir=\"ltr\" data-placeholder=\"Translation\"><span class=\"Y2IQFc\" lang=\"fi\">L\u00f6yd\u00e4t <a href=\"https:\/\/maamess.ee\/wp-content\/uploads\/2023\/04\/Maamess2023_skeem_600x386mm_CMYKIsonews-2.pdf\" target=\"_blank\" rel=\"noopener\">Maamessi-alueemme VP -105 Maamessin viralliselta kartalta<\/a>. Alueellamme voit oppia lis\u00e4\u00e4 muun muassa n\u00e4ist\u00e4 kahdesta kuorma-autosta: <\/span><\/p>\n<ul>\n<li class=\"tw-data-text tw-text-large tw-ta\" dir=\"ltr\" data-placeholder=\"Translation\"><span class=\"Y2IQFc\" lang=\"fi\">Ramirent Eestin uusi Scania HMF nosturilla ja<\/span><\/li>\n<li class=\"tw-data-text tw-text-large tw-ta\" dir=\"ltr\" data-placeholder=\"Translation\"><span class=\"Y2IQFc\" lang=\"fi\">Volvo Fassi-nosturilla.<\/span><\/li>\n<\/ul>\n\t\t\t\t\t\t\t\t<\/div>\n\t\t\t\t<\/div>\n\t\t\t\t<div class=\"elementor-element elementor-element-388fd68 elementor-widget elementor-widget-image-gallery\" data-id=\"388fd68\" data-element_type=\"widget\" data-e-type=\"widget\" data-widget_type=\"image-gallery.default\">\n\t\t\t\t<div class=\"elementor-widget-container\">\n\t\t\t\t\t\t\t<div class=\"elementor-image-gallery\">\n\t\t\t<div id='gallery-1' class='gallery galleryid-23596 gallery-columns-3 gallery-size-medium'><figure class='gallery-item'>\n\t\t\t<div class='gallery-icon landscape'>\n\t\t\t\t<a data-elementor-open-lightbox=\"yes\" data-elementor-lightbox-slideshow=\"388fd68\" data-elementor-lightbox-title=\"Maamess 2023 2\" data-e-action-hash=\"#elementor-action%3Aaction%3Dlightbox%26settings%3DeyJpZCI6MjM2OTcsInVybCI6Imh0dHBzOlwvXC9wcm9saWZ0LmVlXC93cC1jb250ZW50XC91cGxvYWRzXC8yMDIzXC8wNFwvTWFhbWVzcy0yMDIzLTIucG5nIiwic2xpZGVzaG93IjoiMzg4ZmQ2OCJ9\" href='https:\/\/prolift.ee\/wp-content\/uploads\/2023\/04\/Maamess-2023-2.png'><img fetchpriority=\"high\" decoding=\"async\" width=\"550\" height=\"289\" src=\"https:\/\/prolift.ee\/wp-content\/uploads\/2023\/04\/Maamess-2023-2-550x289.png\" class=\"attachment-medium size-medium\" alt=\"\" srcset=\"https:\/\/prolift.ee\/wp-content\/uploads\/2023\/04\/Maamess-2023-2-550x289.png 550w, https:\/\/prolift.ee\/wp-content\/uploads\/2023\/04\/Maamess-2023-2-1024x538.png 1024w, https:\/\/prolift.ee\/wp-content\/uploads\/2023\/04\/Maamess-2023-2-768x403.png 768w, https:\/\/prolift.ee\/wp-content\/uploads\/2023\/04\/Maamess-2023-2.png 1200w\" sizes=\"(max-width: 550px) 100vw, 550px\" \/><\/a>\n\t\t\t<\/div><\/figure><figure class='gallery-item'>\n\t\t\t<div class='gallery-icon landscape'>\n\t\t\t\t<a data-elementor-open-lightbox=\"yes\" data-elementor-lightbox-slideshow=\"388fd68\" data-elementor-lightbox-title=\"Maamess 2023 4\" data-e-action-hash=\"#elementor-action%3Aaction%3Dlightbox%26settings%3DeyJpZCI6MjM3MDcsInVybCI6Imh0dHBzOlwvXC9wcm9saWZ0LmVlXC93cC1jb250ZW50XC91cGxvYWRzXC8yMDIzXC8wNFwvTWFhbWVzcy0yMDIzLTQucG5nIiwic2xpZGVzaG93IjoiMzg4ZmQ2OCJ9\" href='https:\/\/prolift.ee\/wp-content\/uploads\/2023\/04\/Maamess-2023-4.png'><img decoding=\"async\" width=\"550\" height=\"289\" src=\"https:\/\/prolift.ee\/wp-content\/uploads\/2023\/04\/Maamess-2023-4-550x289.png\" class=\"attachment-medium size-medium\" alt=\"\" srcset=\"https:\/\/prolift.ee\/wp-content\/uploads\/2023\/04\/Maamess-2023-4-550x289.png 550w, https:\/\/prolift.ee\/wp-content\/uploads\/2023\/04\/Maamess-2023-4-1024x538.png 1024w, https:\/\/prolift.ee\/wp-content\/uploads\/2023\/04\/Maamess-2023-4-768x403.png 768w, https:\/\/prolift.ee\/wp-content\/uploads\/2023\/04\/Maamess-2023-4.png 1200w\" sizes=\"(max-width: 550px) 100vw, 550px\" \/><\/a>\n\t\t\t<\/div><\/figure><figure class='gallery-item'>\n\t\t\t<div class='gallery-icon landscape'>\n\t\t\t\t<a data-elementor-open-lightbox=\"yes\" data-elementor-lightbox-slideshow=\"388fd68\" data-elementor-lightbox-title=\"Maamess 2023 8\" data-e-action-hash=\"#elementor-action%3Aaction%3Dlightbox%26settings%3DeyJpZCI6MjM3MjcsInVybCI6Imh0dHBzOlwvXC9wcm9saWZ0LmVlXC93cC1jb250ZW50XC91cGxvYWRzXC8yMDIzXC8wNFwvTWFhbWVzcy0yMDIzLTgucG5nIiwic2xpZGVzaG93IjoiMzg4ZmQ2OCJ9\" href='https:\/\/prolift.ee\/wp-content\/uploads\/2023\/04\/Maamess-2023-8.png'><img decoding=\"async\" width=\"550\" height=\"289\" src=\"https:\/\/prolift.ee\/wp-content\/uploads\/2023\/04\/Maamess-2023-8-550x289.png\" class=\"attachment-medium size-medium\" alt=\"\" srcset=\"https:\/\/prolift.ee\/wp-content\/uploads\/2023\/04\/Maamess-2023-8-550x289.png 550w, https:\/\/prolift.ee\/wp-content\/uploads\/2023\/04\/Maamess-2023-8-1024x538.png 1024w, https:\/\/prolift.ee\/wp-content\/uploads\/2023\/04\/Maamess-2023-8-768x403.png 768w, https:\/\/prolift.ee\/wp-content\/uploads\/2023\/04\/Maamess-2023-8.png 1200w\" sizes=\"(max-width: 550px) 100vw, 550px\" \/><\/a>\n\t\t\t<\/div><\/figure><figure class='gallery-item'>\n\t\t\t<div class='gallery-icon landscape'>\n\t\t\t\t<a data-elementor-open-lightbox=\"yes\" data-elementor-lightbox-slideshow=\"388fd68\" data-elementor-lightbox-title=\"Maamess 2023 9\" data-e-action-hash=\"#elementor-action%3Aaction%3Dlightbox%26settings%3DeyJpZCI6MjM3MzIsInVybCI6Imh0dHBzOlwvXC9wcm9saWZ0LmVlXC93cC1jb250ZW50XC91cGxvYWRzXC8yMDIzXC8wNFwvTWFhbWVzcy0yMDIzLTkucG5nIiwic2xpZGVzaG93IjoiMzg4ZmQ2OCJ9\" href='https:\/\/prolift.ee\/wp-content\/uploads\/2023\/04\/Maamess-2023-9.png'><img loading=\"lazy\" decoding=\"async\" width=\"550\" height=\"289\" src=\"https:\/\/prolift.ee\/wp-content\/uploads\/2023\/04\/Maamess-2023-9-550x289.png\" class=\"attachment-medium size-medium\" alt=\"\" srcset=\"https:\/\/prolift.ee\/wp-content\/uploads\/2023\/04\/Maamess-2023-9-550x289.png 550w, https:\/\/prolift.ee\/wp-content\/uploads\/2023\/04\/Maamess-2023-9-1024x538.png 1024w, https:\/\/prolift.ee\/wp-content\/uploads\/2023\/04\/Maamess-2023-9-768x403.png 768w, https:\/\/prolift.ee\/wp-content\/uploads\/2023\/04\/Maamess-2023-9.png 1200w\" sizes=\"(max-width: 550px) 100vw, 550px\" \/><\/a>\n\t\t\t<\/div><\/figure><figure class='gallery-item'>\n\t\t\t<div class='gallery-icon landscape'>\n\t\t\t\t<a data-elementor-open-lightbox=\"yes\" data-elementor-lightbox-slideshow=\"388fd68\" data-elementor-lightbox-title=\"Maamess 2023 7\" data-e-action-hash=\"#elementor-action%3Aaction%3Dlightbox%26settings%3DeyJpZCI6MjM3MjIsInVybCI6Imh0dHBzOlwvXC9wcm9saWZ0LmVlXC93cC1jb250ZW50XC91cGxvYWRzXC8yMDIzXC8wNFwvTWFhbWVzcy0yMDIzLTcucG5nIiwic2xpZGVzaG93IjoiMzg4ZmQ2OCJ9\" href='https:\/\/prolift.ee\/wp-content\/uploads\/2023\/04\/Maamess-2023-7.png'><img loading=\"lazy\" decoding=\"async\" width=\"550\" height=\"289\" src=\"https:\/\/prolift.ee\/wp-content\/uploads\/2023\/04\/Maamess-2023-7-550x289.png\" class=\"attachment-medium size-medium\" alt=\"\" srcset=\"https:\/\/prolift.ee\/wp-content\/uploads\/2023\/04\/Maamess-2023-7-550x289.png 550w, https:\/\/prolift.ee\/wp-content\/uploads\/2023\/04\/Maamess-2023-7-1024x538.png 1024w, https:\/\/prolift.ee\/wp-content\/uploads\/2023\/04\/Maamess-2023-7-768x403.png 768w, https:\/\/prolift.ee\/wp-content\/uploads\/2023\/04\/Maamess-2023-7.png 1200w\" sizes=\"(max-width: 550px) 100vw, 550px\" \/><\/a>\n\t\t\t<\/div><\/figure><figure class='gallery-item'>\n\t\t\t<div class='gallery-icon landscape'>\n\t\t\t\t<a data-elementor-open-lightbox=\"yes\" data-elementor-lightbox-slideshow=\"388fd68\" data-elementor-lightbox-title=\"Maamess 2023 3\" data-e-action-hash=\"#elementor-action%3Aaction%3Dlightbox%26settings%3DeyJpZCI6MjM3MDIsInVybCI6Imh0dHBzOlwvXC9wcm9saWZ0LmVlXC93cC1jb250ZW50XC91cGxvYWRzXC8yMDIzXC8wNFwvTWFhbWVzcy0yMDIzLTMucG5nIiwic2xpZGVzaG93IjoiMzg4ZmQ2OCJ9\" href='https:\/\/prolift.ee\/wp-content\/uploads\/2023\/04\/Maamess-2023-3.png'><img loading=\"lazy\" decoding=\"async\" width=\"550\" height=\"289\" src=\"https:\/\/prolift.ee\/wp-content\/uploads\/2023\/04\/Maamess-2023-3-550x289.png\" class=\"attachment-medium size-medium\" alt=\"\" srcset=\"https:\/\/prolift.ee\/wp-content\/uploads\/2023\/04\/Maamess-2023-3-550x289.png 550w, https:\/\/prolift.ee\/wp-content\/uploads\/2023\/04\/Maamess-2023-3-1024x538.png 1024w, https:\/\/prolift.ee\/wp-content\/uploads\/2023\/04\/Maamess-2023-3-768x403.png 768w, https:\/\/prolift.ee\/wp-content\/uploads\/2023\/04\/Maamess-2023-3.png 1200w\" sizes=\"(max-width: 550px) 100vw, 550px\" \/><\/a>\n\t\t\t<\/div><\/figure>\n\t\t<\/div>\n\t\t<\/div>\n\t\t\t\t\t\t<\/div>\n\t\t\t\t<\/div>\n\t\t\t\t<div class=\"elementor-element elementor-element-850c243 elementor-widget elementor-widget-text-editor\" data-id=\"850c243\" data-element_type=\"widget\" data-e-type=\"widget\" data-widget_type=\"text-editor.default\">\n\t\t\t\t<div class=\"elementor-widget-container\">\n\t\t\t\t\t\t\t\t\t<p>Katso video:<\/p>\n\t\t\t\t\t\t\t\t<\/div>\n\t\t\t\t<\/div>\n\t\t\t\t<div class=\"elementor-element elementor-element-61f8073 elementor-widget elementor-widget-video\" data-id=\"61f8073\" data-element_type=\"widget\" data-e-type=\"widget\" data-settings=\"{&quot;video_type&quot;:&quot;hosted&quot;,&quot;controls&quot;:&quot;yes&quot;}\" data-widget_type=\"video.default\">\n\t\t\t\t<div class=\"elementor-widget-container\">\n\t\t\t\t\t\t\t<div class=\"e-hosted-video elementor-wrapper elementor-open-inline\">\n\t\t\t\t\t<video class=\"elementor-video\" src=\"https:\/\/prolift.ee\/wp-content\/uploads\/2023\/04\/Video-20.04.2023-13-39-22.mov\" controls=\"\" preload=\"metadata\" controlsList=\"nodownload\" poster=\"https:\/\/prolift.ee\/wp-content\/uploads\/2023\/04\/Maamess-Ramirent-2023.jpg\"><\/video>\n\t\t\t\t<\/div>\n\t\t\t\t\t\t<\/div>\n\t\t\t\t<\/div>\n\t\t\t\t<div class=\"elementor-element elementor-element-14972a7 elementor-widget elementor-widget-text-editor\" data-id=\"14972a7\" data-element_type=\"widget\" data-e-type=\"widget\" data-widget_type=\"text-editor.default\">\n\t\t\t\t<div class=\"elementor-widget-container\">\n\t\t\t\t\t\t\t\t\t<p id=\"tw-target-text\" class=\"tw-data-text tw-text-large tw-ta\" dir=\"ltr\" data-placeholder=\"Translation\"><span class=\"Y2IQFc\" lang=\"fi\">Vaikka helposti asennettava Hilltip-aura- ja levitinkausi saattaa olla ohi, muistutamme, ett\u00e4 p\u00e4\u00e4llirakennetta voidaan k\u00e4ytt\u00e4\u00e4 my\u00f6s kes\u00e4n tienhoitot\u00f6ihin ja levitin soveltuu my\u00f6s kasteluun. Tai yksinkertaisesti poista yl\u00e4rakenne.<\/span><\/p>\n\t\t\t\t\t\t\t\t<\/div>\n\t\t\t\t<\/div>\n\t\t\t\t<div class=\"elementor-element elementor-element-81de592 elementor-widget elementor-widget-image-gallery\" data-id=\"81de592\" data-element_type=\"widget\" data-e-type=\"widget\" data-widget_type=\"image-gallery.default\">\n\t\t\t\t<div class=\"elementor-widget-container\">\n\t\t\t\t\t\t\t<div class=\"elementor-image-gallery\">\n\t\t\t<div id='gallery-2' class='gallery galleryid-23596 gallery-columns-3 gallery-size-medium'><figure class='gallery-item'>\n\t\t\t<div class='gallery-icon landscape'>\n\t\t\t\t<a data-elementor-open-lightbox=\"yes\" data-elementor-lightbox-slideshow=\"81de592\" data-elementor-lightbox-title=\"Maamess Hilltip 2023 1\" data-e-action-hash=\"#elementor-action%3Aaction%3Dlightbox%26settings%3DeyJpZCI6MjM3NjEsInVybCI6Imh0dHBzOlwvXC9wcm9saWZ0LmVlXC93cC1jb250ZW50XC91cGxvYWRzXC8yMDIzXC8wNFwvTWFhbWVzcy1IaWxsdGlwLTIwMjMtMS5wbmciLCJzbGlkZXNob3ciOiI4MWRlNTkyIn0%3D\" href='https:\/\/prolift.ee\/wp-content\/uploads\/2023\/04\/Maamess-Hilltip-2023-1.png'><img loading=\"lazy\" decoding=\"async\" width=\"550\" height=\"550\" src=\"https:\/\/prolift.ee\/wp-content\/uploads\/2023\/04\/Maamess-Hilltip-2023-1-550x550.png\" class=\"attachment-medium size-medium\" alt=\"\" aria-describedby=\"gallery-2-23761\" srcset=\"https:\/\/prolift.ee\/wp-content\/uploads\/2023\/04\/Maamess-Hilltip-2023-1-550x550.png 550w, https:\/\/prolift.ee\/wp-content\/uploads\/2023\/04\/Maamess-Hilltip-2023-1-1024x1024.png 1024w, https:\/\/prolift.ee\/wp-content\/uploads\/2023\/04\/Maamess-Hilltip-2023-1-150x150.png 150w, https:\/\/prolift.ee\/wp-content\/uploads\/2023\/04\/Maamess-Hilltip-2023-1-768x768.png 768w, https:\/\/prolift.ee\/wp-content\/uploads\/2023\/04\/Maamess-Hilltip-2023-1-700x700.png 700w, https:\/\/prolift.ee\/wp-content\/uploads\/2023\/04\/Maamess-Hilltip-2023-1.png 1200w\" sizes=\"(max-width: 550px) 100vw, 550px\" \/><\/a>\n\t\t\t<\/div>\n\t\t\t\t<figcaption class='wp-caption-text gallery-caption' id='gallery-2-23761'>\n\t\t\t\tToyota Hilux, Hilltip puistur ja sahk\n\t\t\t\t<\/figcaption><\/figure><figure class='gallery-item'>\n\t\t\t<div class='gallery-icon landscape'>\n\t\t\t\t<a data-elementor-open-lightbox=\"yes\" data-elementor-lightbox-slideshow=\"81de592\" data-elementor-lightbox-title=\"Maamess Hilltip 2023 2\" data-e-action-hash=\"#elementor-action%3Aaction%3Dlightbox%26settings%3DeyJpZCI6MjM3NjYsInVybCI6Imh0dHBzOlwvXC9wcm9saWZ0LmVlXC93cC1jb250ZW50XC91cGxvYWRzXC8yMDIzXC8wNFwvTWFhbWVzcy1IaWxsdGlwLTIwMjMtMi5wbmciLCJzbGlkZXNob3ciOiI4MWRlNTkyIn0%3D\" data-elementor-lightbox-description=\"Toyota Hilux, Hilltip puistur ja sahk\" href='https:\/\/prolift.ee\/wp-content\/uploads\/2023\/04\/Maamess-Hilltip-2023-2.png'><img loading=\"lazy\" decoding=\"async\" width=\"550\" height=\"550\" src=\"https:\/\/prolift.ee\/wp-content\/uploads\/2023\/04\/Maamess-Hilltip-2023-2-550x550.png\" class=\"attachment-medium size-medium\" alt=\"\" srcset=\"https:\/\/prolift.ee\/wp-content\/uploads\/2023\/04\/Maamess-Hilltip-2023-2-550x550.png 550w, https:\/\/prolift.ee\/wp-content\/uploads\/2023\/04\/Maamess-Hilltip-2023-2-1024x1024.png 1024w, https:\/\/prolift.ee\/wp-content\/uploads\/2023\/04\/Maamess-Hilltip-2023-2-150x150.png 150w, https:\/\/prolift.ee\/wp-content\/uploads\/2023\/04\/Maamess-Hilltip-2023-2-768x768.png 768w, https:\/\/prolift.ee\/wp-content\/uploads\/2023\/04\/Maamess-Hilltip-2023-2-700x700.png 700w, https:\/\/prolift.ee\/wp-content\/uploads\/2023\/04\/Maamess-Hilltip-2023-2.png 1200w\" sizes=\"(max-width: 550px) 100vw, 550px\" \/><\/a>\n\t\t\t<\/div><\/figure><figure class='gallery-item'>\n\t\t\t<div class='gallery-icon landscape'>\n\t\t\t\t<a data-elementor-open-lightbox=\"yes\" data-elementor-lightbox-slideshow=\"81de592\" data-elementor-lightbox-title=\"Maamess Hilltip 2023 3\" data-e-action-hash=\"#elementor-action%3Aaction%3Dlightbox%26settings%3DeyJpZCI6MjM3NzEsInVybCI6Imh0dHBzOlwvXC9wcm9saWZ0LmVlXC93cC1jb250ZW50XC91cGxvYWRzXC8yMDIzXC8wNFwvTWFhbWVzcy1IaWxsdGlwLTIwMjMtMy5wbmciLCJzbGlkZXNob3ciOiI4MWRlNTkyIn0%3D\" data-elementor-lightbox-description=\"Toyota Hilux, Hilltip puistur ja sahk\" href='https:\/\/prolift.ee\/wp-content\/uploads\/2023\/04\/Maamess-Hilltip-2023-3.png'><img loading=\"lazy\" decoding=\"async\" width=\"550\" height=\"550\" src=\"https:\/\/prolift.ee\/wp-content\/uploads\/2023\/04\/Maamess-Hilltip-2023-3-550x550.png\" class=\"attachment-medium size-medium\" alt=\"\" srcset=\"https:\/\/prolift.ee\/wp-content\/uploads\/2023\/04\/Maamess-Hilltip-2023-3-550x550.png 550w, https:\/\/prolift.ee\/wp-content\/uploads\/2023\/04\/Maamess-Hilltip-2023-3-1024x1024.png 1024w, https:\/\/prolift.ee\/wp-content\/uploads\/2023\/04\/Maamess-Hilltip-2023-3-150x150.png 150w, https:\/\/prolift.ee\/wp-content\/uploads\/2023\/04\/Maamess-Hilltip-2023-3-768x768.png 768w, https:\/\/prolift.ee\/wp-content\/uploads\/2023\/04\/Maamess-Hilltip-2023-3-700x700.png 700w, https:\/\/prolift.ee\/wp-content\/uploads\/2023\/04\/Maamess-Hilltip-2023-3.png 1200w\" sizes=\"(max-width: 550px) 100vw, 550px\" \/><\/a>\n\t\t\t<\/div><\/figure>\n\t\t<\/div>\n\t\t<\/div>\n\t\t\t\t\t\t<\/div>\n\t\t\t\t<\/div>\n\t\t\t\t<div class=\"elementor-element elementor-element-8e0adf2 elementor-widget elementor-widget-text-editor\" data-id=\"8e0adf2\" data-element_type=\"widget\" data-e-type=\"widget\" data-widget_type=\"text-editor.default\">\n\t\t\t\t<div class=\"elementor-widget-container\">\n\t\t\t\t\t\t\t\t\t<p>Ka <a href=\"https:\/\/www.man.eu\/ee\/et\/\" target=\"_blank\" rel=\"noopener\">Keil M.A.<\/a>\u00a0alalt VP-156 leiab meie tehtud t\u00f6\u00f6 &#8211; paigaldasime MAN veokile furgooni, tagaluukt\u00f5stuki ja t\u00f6\u00f6riistakasti.<\/p>\n\t\t\t\t\t\t\t\t<\/div>\n\t\t\t\t<\/div>\n\t\t\t\t<div class=\"elementor-element elementor-element-d41c316 elementor-widget elementor-widget-image-gallery\" data-id=\"d41c316\" data-element_type=\"widget\" data-e-type=\"widget\" data-widget_type=\"image-gallery.default\">\n\t\t\t\t<div class=\"elementor-widget-container\">\n\t\t\t\t\t\t\t<div class=\"elementor-image-gallery\">\n\t\t\t<div id='gallery-3' class='gallery galleryid-23596 gallery-columns-3 gallery-size-medium'><figure class='gallery-item'>\n\t\t\t<div class='gallery-icon landscape'>\n\t\t\t\t<a data-elementor-open-lightbox=\"yes\" data-elementor-lightbox-slideshow=\"d41c316\" data-elementor-lightbox-title=\"3\" data-e-action-hash=\"#elementor-action%3Aaction%3Dlightbox%26settings%3DeyJpZCI6MjM2MzgsInVybCI6Imh0dHBzOlwvXC9wcm9saWZ0LmVlXC93cC1jb250ZW50XC91cGxvYWRzXC8yMDIzXC8wNFwvMy0xLnBuZyIsInNsaWRlc2hvdyI6ImQ0MWMzMTYifQ%3D%3D\" href='https:\/\/prolift.ee\/wp-content\/uploads\/2023\/04\/3-1.png'><img loading=\"lazy\" decoding=\"async\" width=\"550\" height=\"550\" src=\"https:\/\/prolift.ee\/wp-content\/uploads\/2023\/04\/3-1-550x550.png\" class=\"attachment-medium size-medium\" alt=\"\" srcset=\"https:\/\/prolift.ee\/wp-content\/uploads\/2023\/04\/3-1-550x550.png 550w, https:\/\/prolift.ee\/wp-content\/uploads\/2023\/04\/3-1-1024x1024.png 1024w, https:\/\/prolift.ee\/wp-content\/uploads\/2023\/04\/3-1-150x150.png 150w, https:\/\/prolift.ee\/wp-content\/uploads\/2023\/04\/3-1-768x768.png 768w, https:\/\/prolift.ee\/wp-content\/uploads\/2023\/04\/3-1-700x700.png 700w, https:\/\/prolift.ee\/wp-content\/uploads\/2023\/04\/3-1.png 1200w\" sizes=\"(max-width: 550px) 100vw, 550px\" \/><\/a>\n\t\t\t<\/div><\/figure><figure class='gallery-item'>\n\t\t\t<div class='gallery-icon landscape'>\n\t\t\t\t<a data-elementor-open-lightbox=\"yes\" data-elementor-lightbox-slideshow=\"d41c316\" data-elementor-lightbox-title=\"5\" data-e-action-hash=\"#elementor-action%3Aaction%3Dlightbox%26settings%3DeyJpZCI6MjM2NDgsInVybCI6Imh0dHBzOlwvXC9wcm9saWZ0LmVlXC93cC1jb250ZW50XC91cGxvYWRzXC8yMDIzXC8wNFwvNS0xLnBuZyIsInNsaWRlc2hvdyI6ImQ0MWMzMTYifQ%3D%3D\" href='https:\/\/prolift.ee\/wp-content\/uploads\/2023\/04\/5-1.png'><img loading=\"lazy\" decoding=\"async\" width=\"550\" height=\"550\" src=\"https:\/\/prolift.ee\/wp-content\/uploads\/2023\/04\/5-1-550x550.png\" class=\"attachment-medium size-medium\" alt=\"\" srcset=\"https:\/\/prolift.ee\/wp-content\/uploads\/2023\/04\/5-1-550x550.png 550w, https:\/\/prolift.ee\/wp-content\/uploads\/2023\/04\/5-1-1024x1024.png 1024w, https:\/\/prolift.ee\/wp-content\/uploads\/2023\/04\/5-1-150x150.png 150w, https:\/\/prolift.ee\/wp-content\/uploads\/2023\/04\/5-1-768x768.png 768w, https:\/\/prolift.ee\/wp-content\/uploads\/2023\/04\/5-1-700x700.png 700w, https:\/\/prolift.ee\/wp-content\/uploads\/2023\/04\/5-1.png 1200w\" sizes=\"(max-width: 550px) 100vw, 550px\" \/><\/a>\n\t\t\t<\/div><\/figure><figure class='gallery-item'>\n\t\t\t<div class='gallery-icon landscape'>\n\t\t\t\t<a data-elementor-open-lightbox=\"yes\" data-elementor-lightbox-slideshow=\"d41c316\" data-elementor-lightbox-title=\"8\" data-e-action-hash=\"#elementor-action%3Aaction%3Dlightbox%26settings%3DeyJpZCI6MjM2NjQsInVybCI6Imh0dHBzOlwvXC9wcm9saWZ0LmVlXC93cC1jb250ZW50XC91cGxvYWRzXC8yMDIzXC8wNFwvOC0xLnBuZyIsInNsaWRlc2hvdyI6ImQ0MWMzMTYifQ%3D%3D\" href='https:\/\/prolift.ee\/wp-content\/uploads\/2023\/04\/8-1.png'><img loading=\"lazy\" decoding=\"async\" width=\"550\" height=\"550\" src=\"https:\/\/prolift.ee\/wp-content\/uploads\/2023\/04\/8-1-550x550.png\" class=\"attachment-medium size-medium\" alt=\"\" srcset=\"https:\/\/prolift.ee\/wp-content\/uploads\/2023\/04\/8-1-550x550.png 550w, https:\/\/prolift.ee\/wp-content\/uploads\/2023\/04\/8-1-1024x1024.png 1024w, https:\/\/prolift.ee\/wp-content\/uploads\/2023\/04\/8-1-150x150.png 150w, https:\/\/prolift.ee\/wp-content\/uploads\/2023\/04\/8-1-768x768.png 768w, https:\/\/prolift.ee\/wp-content\/uploads\/2023\/04\/8-1-700x700.png 700w, https:\/\/prolift.ee\/wp-content\/uploads\/2023\/04\/8-1.png 1200w\" sizes=\"(max-width: 550px) 100vw, 550px\" \/><\/a>\n\t\t\t<\/div><\/figure>\n\t\t<\/div>\n\t\t<\/div>\n\t\t\t\t\t\t<\/div>\n\t\t\t\t<\/div>\n\t\t\t\t<div class=\"elementor-element elementor-element-cbace3e elementor-widget elementor-widget-text-editor\" data-id=\"cbace3e\" data-element_type=\"widget\" data-e-type=\"widget\" data-widget_type=\"text-editor.default\">\n\t\t\t\t<div class=\"elementor-widget-container\">\n\t\t\t\t\t\t\t\t\t<p id=\"tw-target-text\" class=\"tw-data-text tw-text-large tw-ta\" dir=\"ltr\" data-placeholder=\"Translation\">29. kansainv\u00e4liset maaseutumessut MAAMESS j\u00e4rjestet\u00e4\u00e4n 20.-22. huhtikuuta 2023 Tarton Messukeskuksessa. Messut tuovat yhteen maa-, mets\u00e4-, puutarha- ja elintarviketeollisuuden yrityksi\u00e4.<\/p>\n\t\t\t\t\t\t\t\t<\/div>\n\t\t\t\t<\/div>\n\t\t\t\t\t<\/div>\n\t\t<\/div>\n\t\t\t\t\t<\/div>\n\t\t<\/section>\n\t\t\t\t<\/div>\n\t\t","protected":false},"excerpt":{"rendered":"<p>Maamess-messut j\u00e4rjestet\u00e4\u00e4n 20.-22. huhtikuuta 2023 Tarton messukeskuksessa.<\/p>\n","protected":false},"author":9,"featured_media":23579,"comment_status":"closed","ping_status":"closed","sticky":false,"template":"","format":"standard","meta":{"footnotes":""},"categories":[434],"tags":[],"class_list":["post-23596","post","type-post","status-publish","format-standard","has-post-thumbnail","hentry","category-uutiset"],"yoast_head":"<!-- This site is optimized with the Yoast SEO plugin v27.3 - https:\/\/yoast.com\/product\/yoast-seo-wordpress\/ -->\n<title>Tervetuloa Maamessuille Pro Liftin osastolle VP-105! - Pro Lift O\u00dc<\/title>\n<meta name=\"description\" content=\"Maamessun aika on k\u00e4sill\u00e4 ja t\u00e4n\u00e4 vuonna sijaitsemme Pro Liftin tiimin kanssa alueella VP-105. K\u00e4ymme l\u00e4pi tuoteuutuuksia ja n\u00e4yt\u00e4mme pienen valikoiman tarjotuista ratkaisuista.\" \/>\n<meta name=\"robots\" content=\"index, follow, max-snippet:-1, max-image-preview:large, max-video-preview:-1\" \/>\n<link rel=\"canonical\" href=\"https:\/\/prolift.ee\/fi\/maamessu-pro-lift\/\" \/>\n<meta property=\"og:locale\" content=\"fi_FI\" \/>\n<meta property=\"og:type\" content=\"article\" \/>\n<meta property=\"og:title\" content=\"Tervetuloa Maamessuille Pro Liftin osastolle VP-105! - Pro Lift O\u00dc\" \/>\n<meta property=\"og:description\" content=\"Maamessun aika on k\u00e4sill\u00e4 ja t\u00e4n\u00e4 vuonna sijaitsemme Pro Liftin tiimin kanssa alueella VP-105. K\u00e4ymme l\u00e4pi tuoteuutuuksia ja n\u00e4yt\u00e4mme pienen valikoiman tarjotuista ratkaisuista.\" \/>\n<meta property=\"og:url\" content=\"https:\/\/prolift.ee\/fi\/maamessu-pro-lift\/\" \/>\n<meta property=\"og:site_name\" content=\"Pro Lift O\u00dc\" \/>\n<meta property=\"article:publisher\" content=\"https:\/\/www.facebook.com\/proliftou\" \/>\n<meta property=\"article:published_time\" content=\"2023-04-14T07:27:10+00:00\" \/>\n<meta property=\"article:modified_time\" content=\"2023-04-24T06:57:01+00:00\" \/>\n<meta property=\"og:image\" content=\"https:\/\/prolift.ee\/wp-content\/uploads\/2023\/04\/ProLift-FB_Linkedin_IG-1200x1200-2.png\" \/>\n\t<meta property=\"og:image:width\" content=\"1200\" \/>\n\t<meta property=\"og:image:height\" content=\"1200\" \/>\n\t<meta property=\"og:image:type\" content=\"image\/png\" \/>\n<meta name=\"author\" content=\"Raili Riiberg\" \/>\n<meta name=\"twitter:card\" content=\"summary_large_image\" \/>\n<meta name=\"twitter:title\" content=\"Tervetuloa Maamessuille Pro Liftin osastolle VP-105!\" \/>\n<meta name=\"twitter:description\" content=\"Maamessun aika on k\u00e4sill\u00e4 ja t\u00e4n\u00e4 vuonna sijaitsemme Pro Liftin tiimin kanssa alueella VP-105. K\u00e4ymme l\u00e4pi tuoteuutuuksia ja n\u00e4yt\u00e4mme pienen valikoiman tarjotuista ratkaisuista.\" \/>\n<meta name=\"twitter:label1\" content=\"Kirjoittanut\" \/>\n\t<meta name=\"twitter:data1\" content=\"Raili Riiberg\" \/>\n\t<meta name=\"twitter:label2\" content=\"Arvioitu lukuaika\" \/>\n\t<meta name=\"twitter:data2\" content=\"1 minuutti\" \/>\n<script type=\"application\/ld+json\" class=\"yoast-schema-graph\">{\"@context\":\"https:\\\/\\\/schema.org\",\"@graph\":[{\"@type\":\"Article\",\"@id\":\"https:\\\/\\\/prolift.ee\\\/fi\\\/maamessu-pro-lift\\\/#article\",\"isPartOf\":{\"@id\":\"https:\\\/\\\/prolift.ee\\\/fi\\\/maamessu-pro-lift\\\/\"},\"author\":{\"name\":\"Raili Riiberg\",\"@id\":\"https:\\\/\\\/prolift.ee\\\/fi\\\/#\\\/schema\\\/person\\\/699fa44bc6c24a1f12c6c174e129495f\"},\"headline\":\"Tervetuloa Maamessuille Pro Liftin osastolle VP-105!\",\"datePublished\":\"2023-04-14T07:27:10+00:00\",\"dateModified\":\"2023-04-24T06:57:01+00:00\",\"mainEntityOfPage\":{\"@id\":\"https:\\\/\\\/prolift.ee\\\/fi\\\/maamessu-pro-lift\\\/\"},\"wordCount\":135,\"publisher\":{\"@id\":\"https:\\\/\\\/prolift.ee\\\/fi\\\/#organization\"},\"image\":{\"@id\":\"https:\\\/\\\/prolift.ee\\\/fi\\\/maamessu-pro-lift\\\/#primaryimage\"},\"thumbnailUrl\":\"https:\\\/\\\/prolift.ee\\\/wp-content\\\/uploads\\\/2023\\\/04\\\/ProLift-FB_Linkedin_IG-1200x1200-2.png\",\"articleSection\":[\"UUTISET\"],\"inLanguage\":\"fi\"},{\"@type\":\"WebPage\",\"@id\":\"https:\\\/\\\/prolift.ee\\\/fi\\\/maamessu-pro-lift\\\/\",\"url\":\"https:\\\/\\\/prolift.ee\\\/fi\\\/maamessu-pro-lift\\\/\",\"name\":\"Tervetuloa Maamessuille Pro Liftin osastolle VP-105! - Pro Lift O\u00dc\",\"isPartOf\":{\"@id\":\"https:\\\/\\\/prolift.ee\\\/fi\\\/#website\"},\"primaryImageOfPage\":{\"@id\":\"https:\\\/\\\/prolift.ee\\\/fi\\\/maamessu-pro-lift\\\/#primaryimage\"},\"image\":{\"@id\":\"https:\\\/\\\/prolift.ee\\\/fi\\\/maamessu-pro-lift\\\/#primaryimage\"},\"thumbnailUrl\":\"https:\\\/\\\/prolift.ee\\\/wp-content\\\/uploads\\\/2023\\\/04\\\/ProLift-FB_Linkedin_IG-1200x1200-2.png\",\"datePublished\":\"2023-04-14T07:27:10+00:00\",\"dateModified\":\"2023-04-24T06:57:01+00:00\",\"description\":\"Maamessun aika on k\u00e4sill\u00e4 ja t\u00e4n\u00e4 vuonna sijaitsemme Pro Liftin tiimin kanssa alueella VP-105. K\u00e4ymme l\u00e4pi tuoteuutuuksia ja n\u00e4yt\u00e4mme pienen valikoiman tarjotuista ratkaisuista.\",\"breadcrumb\":{\"@id\":\"https:\\\/\\\/prolift.ee\\\/fi\\\/maamessu-pro-lift\\\/#breadcrumb\"},\"inLanguage\":\"fi\",\"potentialAction\":[{\"@type\":\"ReadAction\",\"target\":[\"https:\\\/\\\/prolift.ee\\\/fi\\\/maamessu-pro-lift\\\/\"]}]},{\"@type\":\"ImageObject\",\"inLanguage\":\"fi\",\"@id\":\"https:\\\/\\\/prolift.ee\\\/fi\\\/maamessu-pro-lift\\\/#primaryimage\",\"url\":\"https:\\\/\\\/prolift.ee\\\/wp-content\\\/uploads\\\/2023\\\/04\\\/ProLift-FB_Linkedin_IG-1200x1200-2.png\",\"contentUrl\":\"https:\\\/\\\/prolift.ee\\\/wp-content\\\/uploads\\\/2023\\\/04\\\/ProLift-FB_Linkedin_IG-1200x1200-2.png\",\"width\":1200,\"height\":1200},{\"@type\":\"BreadcrumbList\",\"@id\":\"https:\\\/\\\/prolift.ee\\\/fi\\\/maamessu-pro-lift\\\/#breadcrumb\",\"itemListElement\":[{\"@type\":\"ListItem\",\"position\":1,\"name\":\"Home\",\"item\":\"https:\\\/\\\/prolift.ee\\\/fi\\\/etusivu\\\/\"},{\"@type\":\"ListItem\",\"position\":2,\"name\":\"Tervetuloa Maamessuille Pro Liftin osastolle VP-105!\"}]},{\"@type\":\"WebSite\",\"@id\":\"https:\\\/\\\/prolift.ee\\\/fi\\\/#website\",\"url\":\"https:\\\/\\\/prolift.ee\\\/fi\\\/\",\"name\":\"Pro Lift O\u00dc\",\"description\":\"Pealisehituse valmislahendused\",\"publisher\":{\"@id\":\"https:\\\/\\\/prolift.ee\\\/fi\\\/#organization\"},\"potentialAction\":[{\"@type\":\"SearchAction\",\"target\":{\"@type\":\"EntryPoint\",\"urlTemplate\":\"https:\\\/\\\/prolift.ee\\\/fi\\\/?s={search_term_string}\"},\"query-input\":{\"@type\":\"PropertyValueSpecification\",\"valueRequired\":true,\"valueName\":\"search_term_string\"}}],\"inLanguage\":\"fi\"},{\"@type\":\"Organization\",\"@id\":\"https:\\\/\\\/prolift.ee\\\/fi\\\/#organization\",\"name\":\"Pro Lift O\u00dc\",\"url\":\"https:\\\/\\\/prolift.ee\\\/fi\\\/\",\"logo\":{\"@type\":\"ImageObject\",\"inLanguage\":\"fi\",\"@id\":\"https:\\\/\\\/prolift.ee\\\/fi\\\/#\\\/schema\\\/logo\\\/image\\\/\",\"url\":\"https:\\\/\\\/prolift.ee\\\/wp-content\\\/uploads\\\/2021\\\/07\\\/Logo_Full_Color.svg\",\"contentUrl\":\"https:\\\/\\\/prolift.ee\\\/wp-content\\\/uploads\\\/2021\\\/07\\\/Logo_Full_Color.svg\",\"width\":1,\"height\":1,\"caption\":\"Pro Lift O\u00dc\"},\"image\":{\"@id\":\"https:\\\/\\\/prolift.ee\\\/fi\\\/#\\\/schema\\\/logo\\\/image\\\/\"},\"sameAs\":[\"https:\\\/\\\/www.facebook.com\\\/proliftou\",\"https:\\\/\\\/www.instagram.com\\\/proliftou\\\/\",\"https:\\\/\\\/www.linkedin.com\\\/company\\\/prolift\\\/\"]},{\"@type\":\"Person\",\"@id\":\"https:\\\/\\\/prolift.ee\\\/fi\\\/#\\\/schema\\\/person\\\/699fa44bc6c24a1f12c6c174e129495f\",\"name\":\"Raili Riiberg\",\"image\":{\"@type\":\"ImageObject\",\"inLanguage\":\"fi\",\"@id\":\"https:\\\/\\\/secure.gravatar.com\\\/avatar\\\/c53ae419ae3ada96b7c05e78c9150182144d11f5b50d2fff47c860fb6b4e745b?s=96&d=mm&r=g\",\"url\":\"https:\\\/\\\/secure.gravatar.com\\\/avatar\\\/c53ae419ae3ada96b7c05e78c9150182144d11f5b50d2fff47c860fb6b4e745b?s=96&d=mm&r=g\",\"contentUrl\":\"https:\\\/\\\/secure.gravatar.com\\\/avatar\\\/c53ae419ae3ada96b7c05e78c9150182144d11f5b50d2fff47c860fb6b4e745b?s=96&d=mm&r=g\",\"caption\":\"Raili Riiberg\"},\"sameAs\":[\"https:\\\/\\\/prolift.ee\\\/\"]}]}<\/script>\n<!-- \/ Yoast SEO plugin. -->","yoast_head_json":{"title":"Tervetuloa Maamessuille Pro Liftin osastolle VP-105! - Pro Lift O\u00dc","description":"Maamessun aika on k\u00e4sill\u00e4 ja t\u00e4n\u00e4 vuonna sijaitsemme Pro Liftin tiimin kanssa alueella VP-105. K\u00e4ymme l\u00e4pi tuoteuutuuksia ja n\u00e4yt\u00e4mme pienen valikoiman tarjotuista ratkaisuista.","robots":{"index":"index","follow":"follow","max-snippet":"max-snippet:-1","max-image-preview":"max-image-preview:large","max-video-preview":"max-video-preview:-1"},"canonical":"https:\/\/prolift.ee\/fi\/maamessu-pro-lift\/","og_locale":"fi_FI","og_type":"article","og_title":"Tervetuloa Maamessuille Pro Liftin osastolle VP-105! - Pro Lift O\u00dc","og_description":"Maamessun aika on k\u00e4sill\u00e4 ja t\u00e4n\u00e4 vuonna sijaitsemme Pro Liftin tiimin kanssa alueella VP-105. K\u00e4ymme l\u00e4pi tuoteuutuuksia ja n\u00e4yt\u00e4mme pienen valikoiman tarjotuista ratkaisuista.","og_url":"https:\/\/prolift.ee\/fi\/maamessu-pro-lift\/","og_site_name":"Pro Lift O\u00dc","article_publisher":"https:\/\/www.facebook.com\/proliftou","article_published_time":"2023-04-14T07:27:10+00:00","article_modified_time":"2023-04-24T06:57:01+00:00","og_image":[{"width":1200,"height":1200,"url":"https:\/\/prolift.ee\/wp-content\/uploads\/2023\/04\/ProLift-FB_Linkedin_IG-1200x1200-2.png","type":"image\/png"}],"author":"Raili Riiberg","twitter_card":"summary_large_image","twitter_title":"Tervetuloa Maamessuille Pro Liftin osastolle VP-105!","twitter_description":"Maamessun aika on k\u00e4sill\u00e4 ja t\u00e4n\u00e4 vuonna sijaitsemme Pro Liftin tiimin kanssa alueella VP-105. K\u00e4ymme l\u00e4pi tuoteuutuuksia ja n\u00e4yt\u00e4mme pienen valikoiman tarjotuista ratkaisuista.","twitter_misc":{"Kirjoittanut":"Raili Riiberg","Arvioitu lukuaika":"1 minuutti"},"schema":{"@context":"https:\/\/schema.org","@graph":[{"@type":"Article","@id":"https:\/\/prolift.ee\/fi\/maamessu-pro-lift\/#article","isPartOf":{"@id":"https:\/\/prolift.ee\/fi\/maamessu-pro-lift\/"},"author":{"name":"Raili Riiberg","@id":"https:\/\/prolift.ee\/fi\/#\/schema\/person\/699fa44bc6c24a1f12c6c174e129495f"},"headline":"Tervetuloa Maamessuille Pro Liftin osastolle VP-105!","datePublished":"2023-04-14T07:27:10+00:00","dateModified":"2023-04-24T06:57:01+00:00","mainEntityOfPage":{"@id":"https:\/\/prolift.ee\/fi\/maamessu-pro-lift\/"},"wordCount":135,"publisher":{"@id":"https:\/\/prolift.ee\/fi\/#organization"},"image":{"@id":"https:\/\/prolift.ee\/fi\/maamessu-pro-lift\/#primaryimage"},"thumbnailUrl":"https:\/\/prolift.ee\/wp-content\/uploads\/2023\/04\/ProLift-FB_Linkedin_IG-1200x1200-2.png","articleSection":["UUTISET"],"inLanguage":"fi"},{"@type":"WebPage","@id":"https:\/\/prolift.ee\/fi\/maamessu-pro-lift\/","url":"https:\/\/prolift.ee\/fi\/maamessu-pro-lift\/","name":"Tervetuloa Maamessuille Pro Liftin osastolle VP-105! - Pro Lift O\u00dc","isPartOf":{"@id":"https:\/\/prolift.ee\/fi\/#website"},"primaryImageOfPage":{"@id":"https:\/\/prolift.ee\/fi\/maamessu-pro-lift\/#primaryimage"},"image":{"@id":"https:\/\/prolift.ee\/fi\/maamessu-pro-lift\/#primaryimage"},"thumbnailUrl":"https:\/\/prolift.ee\/wp-content\/uploads\/2023\/04\/ProLift-FB_Linkedin_IG-1200x1200-2.png","datePublished":"2023-04-14T07:27:10+00:00","dateModified":"2023-04-24T06:57:01+00:00","description":"Maamessun aika on k\u00e4sill\u00e4 ja t\u00e4n\u00e4 vuonna sijaitsemme Pro Liftin tiimin kanssa alueella VP-105. K\u00e4ymme l\u00e4pi tuoteuutuuksia ja n\u00e4yt\u00e4mme pienen valikoiman tarjotuista ratkaisuista.","breadcrumb":{"@id":"https:\/\/prolift.ee\/fi\/maamessu-pro-lift\/#breadcrumb"},"inLanguage":"fi","potentialAction":[{"@type":"ReadAction","target":["https:\/\/prolift.ee\/fi\/maamessu-pro-lift\/"]}]},{"@type":"ImageObject","inLanguage":"fi","@id":"https:\/\/prolift.ee\/fi\/maamessu-pro-lift\/#primaryimage","url":"https:\/\/prolift.ee\/wp-content\/uploads\/2023\/04\/ProLift-FB_Linkedin_IG-1200x1200-2.png","contentUrl":"https:\/\/prolift.ee\/wp-content\/uploads\/2023\/04\/ProLift-FB_Linkedin_IG-1200x1200-2.png","width":1200,"height":1200},{"@type":"BreadcrumbList","@id":"https:\/\/prolift.ee\/fi\/maamessu-pro-lift\/#breadcrumb","itemListElement":[{"@type":"ListItem","position":1,"name":"Home","item":"https:\/\/prolift.ee\/fi\/etusivu\/"},{"@type":"ListItem","position":2,"name":"Tervetuloa Maamessuille Pro Liftin osastolle VP-105!"}]},{"@type":"WebSite","@id":"https:\/\/prolift.ee\/fi\/#website","url":"https:\/\/prolift.ee\/fi\/","name":"Pro Lift O\u00dc","description":"Pealisehituse valmislahendused","publisher":{"@id":"https:\/\/prolift.ee\/fi\/#organization"},"potentialAction":[{"@type":"SearchAction","target":{"@type":"EntryPoint","urlTemplate":"https:\/\/prolift.ee\/fi\/?s={search_term_string}"},"query-input":{"@type":"PropertyValueSpecification","valueRequired":true,"valueName":"search_term_string"}}],"inLanguage":"fi"},{"@type":"Organization","@id":"https:\/\/prolift.ee\/fi\/#organization","name":"Pro Lift O\u00dc","url":"https:\/\/prolift.ee\/fi\/","logo":{"@type":"ImageObject","inLanguage":"fi","@id":"https:\/\/prolift.ee\/fi\/#\/schema\/logo\/image\/","url":"https:\/\/prolift.ee\/wp-content\/uploads\/2021\/07\/Logo_Full_Color.svg","contentUrl":"https:\/\/prolift.ee\/wp-content\/uploads\/2021\/07\/Logo_Full_Color.svg","width":1,"height":1,"caption":"Pro Lift O\u00dc"},"image":{"@id":"https:\/\/prolift.ee\/fi\/#\/schema\/logo\/image\/"},"sameAs":["https:\/\/www.facebook.com\/proliftou","https:\/\/www.instagram.com\/proliftou\/","https:\/\/www.linkedin.com\/company\/prolift\/"]},{"@type":"Person","@id":"https:\/\/prolift.ee\/fi\/#\/schema\/person\/699fa44bc6c24a1f12c6c174e129495f","name":"Raili Riiberg","image":{"@type":"ImageObject","inLanguage":"fi","@id":"https:\/\/secure.gravatar.com\/avatar\/c53ae419ae3ada96b7c05e78c9150182144d11f5b50d2fff47c860fb6b4e745b?s=96&d=mm&r=g","url":"https:\/\/secure.gravatar.com\/avatar\/c53ae419ae3ada96b7c05e78c9150182144d11f5b50d2fff47c860fb6b4e745b?s=96&d=mm&r=g","contentUrl":"https:\/\/secure.gravatar.com\/avatar\/c53ae419ae3ada96b7c05e78c9150182144d11f5b50d2fff47c860fb6b4e745b?s=96&d=mm&r=g","caption":"Raili Riiberg"},"sameAs":["https:\/\/prolift.ee\/"]}]}},"_links":{"self":[{"href":"https:\/\/prolift.ee\/fi\/wp-json\/wp\/v2\/posts\/23596","targetHints":{"allow":["GET"]}}],"collection":[{"href":"https:\/\/prolift.ee\/fi\/wp-json\/wp\/v2\/posts"}],"about":[{"href":"https:\/\/prolift.ee\/fi\/wp-json\/wp\/v2\/types\/post"}],"author":[{"embeddable":true,"href":"https:\/\/prolift.ee\/fi\/wp-json\/wp\/v2\/users\/9"}],"replies":[{"embeddable":true,"href":"https:\/\/prolift.ee\/fi\/wp-json\/wp\/v2\/comments?post=23596"}],"version-history":[{"count":9,"href":"https:\/\/prolift.ee\/fi\/wp-json\/wp\/v2\/posts\/23596\/revisions"}],"predecessor-version":[{"id":23935,"href":"https:\/\/prolift.ee\/fi\/wp-json\/wp\/v2\/posts\/23596\/revisions\/23935"}],"wp:featuredmedia":[{"embeddable":true,"href":"https:\/\/prolift.ee\/fi\/wp-json\/wp\/v2\/media\/23579"}],"wp:attachment":[{"href":"https:\/\/prolift.ee\/fi\/wp-json\/wp\/v2\/media?parent=23596"}],"wp:term":[{"taxonomy":"category","embeddable":true,"href":"https:\/\/prolift.ee\/fi\/wp-json\/wp\/v2\/categories?post=23596"},{"taxonomy":"post_tag","embeddable":true,"href":"https:\/\/prolift.ee\/fi\/wp-json\/wp\/v2\/tags?post=23596"}],"curies":[{"name":"wp","href":"https:\/\/api.w.org\/{rel}","templated":true}]}}