{"id":23410,"date":"2023-03-17T14:42:40","date_gmt":"2023-03-17T12:42:40","guid":{"rendered":"https:\/\/prolift.ee\/laane-teed-uusi-scania-kaytannollinen-ratkaisu-ympari-vuoden\/"},"modified":"2024-07-12T12:55:05","modified_gmt":"2024-07-12T09:55:05","slug":"laane-teed-scania","status":"publish","type":"post","link":"https:\/\/prolift.ee\/fi\/laane-teed-scania\/","title":{"rendered":"K\u00e4yt\u00e4nn\u00f6llinen kuorma-auto ymp\u00e4ri vuoden"},"content":{"rendered":"<p><span data-contrast=\"none\">Yritys L\u00e4\u00e4ne Teed O\u00dc toimii teiden huollon, rakentamisen ja korjauksen alalla.<\/span>\u00a0<span data-contrast=\"none\">Teimme p\u00e4\u00e4llirakenteen heid\u00e4n Scania R500 \u2013kuorma-autolle.<\/span><\/p>\n<ul>\n<li><span data-contrast=\"none\">P\u00e4\u00e4llysrakenne talveella: Epoken sirotinautomaatti, Pajakulman sivuaura ja aluster\u00e4, sek\u00e4 Pro Liftin ohjausj\u00e4rjestelm\u00e4, jotka tekev\u00e4t p\u00e4\u00e4llirakenteen k\u00e4yt\u00f6st\u00e4 turvallista ja k\u00e4tev\u00e4\u00e4.<\/span><\/li>\n<li><span data-contrast=\"none\">P\u00e4\u00e4llysrakenne kes\u00e4ll\u00e4: sirotin ja sivuaura irrotetaan, kippilava ja aluster\u00e4 j\u00e4\u00e4v\u00e4t k\u00e4ytt\u00f6\u00f6n, lis\u00e4ksi mahdollisuus k\u00e4ytt\u00e4\u00e4 kippi-per\u00e4vaunun.<\/span><\/li>\n<\/ul>\n<p><span data-contrast=\"none\">K\u00e4yt\u00e4nn\u00f6llinen ja luotettava ratkaisu kaikkina vuodenaikoina.<\/span><\/p>\n<p><span data-ccp-props=\"{}\">\u00a0<\/span><\/p>\n<div id='gallery-1' class='gallery galleryid-23410 gallery-columns-3 gallery-size-medium'><figure class='gallery-item'>\n\t\t\t<div class='gallery-icon landscape'>\n\t\t\t\t<img fetchpriority=\"high\" decoding=\"async\" width=\"550\" height=\"550\" src=\"https:\/\/prolift.ee\/wp-content\/uploads\/2023\/03\/2-550x550.png\" class=\"attachment-medium size-medium\" alt=\"\" srcset=\"https:\/\/prolift.ee\/wp-content\/uploads\/2023\/03\/2-550x550.png 550w, https:\/\/prolift.ee\/wp-content\/uploads\/2023\/03\/2-1024x1024.png 1024w, https:\/\/prolift.ee\/wp-content\/uploads\/2023\/03\/2-150x150.png 150w, https:\/\/prolift.ee\/wp-content\/uploads\/2023\/03\/2-768x768.png 768w, https:\/\/prolift.ee\/wp-content\/uploads\/2023\/03\/2-700x700.png 700w, https:\/\/prolift.ee\/wp-content\/uploads\/2023\/03\/2.png 1200w\" sizes=\"(max-width: 550px) 100vw, 550px\" \/>\n\t\t\t<\/div><\/figure><figure class='gallery-item'>\n\t\t\t<div class='gallery-icon landscape'>\n\t\t\t\t<img decoding=\"async\" width=\"550\" height=\"550\" src=\"https:\/\/prolift.ee\/wp-content\/uploads\/2023\/03\/1-550x550.png\" class=\"attachment-medium size-medium\" alt=\"\" srcset=\"https:\/\/prolift.ee\/wp-content\/uploads\/2023\/03\/1-550x550.png 550w, https:\/\/prolift.ee\/wp-content\/uploads\/2023\/03\/1-1024x1024.png 1024w, https:\/\/prolift.ee\/wp-content\/uploads\/2023\/03\/1-150x150.png 150w, https:\/\/prolift.ee\/wp-content\/uploads\/2023\/03\/1-768x768.png 768w, https:\/\/prolift.ee\/wp-content\/uploads\/2023\/03\/1-700x700.png 700w, https:\/\/prolift.ee\/wp-content\/uploads\/2023\/03\/1.png 1200w\" sizes=\"(max-width: 550px) 100vw, 550px\" \/>\n\t\t\t<\/div><\/figure><figure class='gallery-item'>\n\t\t\t<div class='gallery-icon landscape'>\n\t\t\t\t<img decoding=\"async\" width=\"550\" height=\"550\" src=\"https:\/\/prolift.ee\/wp-content\/uploads\/2023\/03\/4-550x550.png\" class=\"attachment-medium size-medium\" alt=\"\" srcset=\"https:\/\/prolift.ee\/wp-content\/uploads\/2023\/03\/4-550x550.png 550w, https:\/\/prolift.ee\/wp-content\/uploads\/2023\/03\/4-1024x1024.png 1024w, https:\/\/prolift.ee\/wp-content\/uploads\/2023\/03\/4-150x150.png 150w, https:\/\/prolift.ee\/wp-content\/uploads\/2023\/03\/4-768x768.png 768w, https:\/\/prolift.ee\/wp-content\/uploads\/2023\/03\/4-700x700.png 700w, https:\/\/prolift.ee\/wp-content\/uploads\/2023\/03\/4.png 1200w\" sizes=\"(max-width: 550px) 100vw, 550px\" \/>\n\t\t\t<\/div><\/figure>\n\t\t<\/div>\n\n<p>Lis\u00e4tietoa p\u00e4\u00e4llirakenteesta:<\/p>\n<ul>\n<li>L\u00e4\u00e4ne teed &#8211; Yhti\u00f6n p\u00e4\u00e4toimiala on P\u00e4rnun l\u00e4\u00e4nin valtionteiden kunnossapidon j\u00e4rjest\u00e4minen sek\u00e4 tienhoitopalveluiden tarjoaminen Haapsalun kaupungille ja muille L\u00e4\u00e4nemaan kunnille. Lis\u00e4ksi teiden korjaus, rakentaminen ja tienrakennusmateriaalien myynti louhoksissa.<\/li>\n<li>Pajakulma &#8211; Pajakulma varustaa monik\u00e4ytt\u00f6iset hy\u00f6tyajoneuvot varusteilla asiakkaan toiveiden mukaan. Pro Lifti v\u00e4litt\u00e4\u00e4 yhti\u00f6n tienhoitoratkaisuja. <a href=\"https:\/\/prolift.ee\/fi\/pajakulma\/\" target=\"_blank\" rel=\"noopener\"><em>linkki<\/em><\/a><\/li>\n<li>Epoke &#8211; Epoke on vuodesta 1950 l\u00e4htien toiminut yritys, jonka ty\u00f6ntekij\u00e4t luovat \u00e4lykk\u00e4it\u00e4 ratkaisuja, jotka auttavat asiakkaita ymp\u00e4ri maailmaa. Sellaiset k\u00e4sitteet kuin luotettavuus, innovaatio, toimivuus ja laadukas palvelu ovat aina olleet Epoken kulmakivi.<br \/>\nEpoken kehitysosasto tekee tiivist\u00e4 yhteisty\u00f6t\u00e4 tanskalaisten asiakkaiden kanssa uusien tuotteiden kehitt\u00e4miseksi ja testaamiseksi. T\u00e4m\u00e4 on varmistanut Epoken vahvan aseman Tanskan markkinoilla, mik\u00e4 puolestaan \u200b\u200bon perusta suurelle globaalille viennille. Saksan ja Puolan tyt\u00e4ryhti\u00f6iden kautta tarjoamme asiantuntevaa neuvontaa ja parasta palvelua kaikilla markkinoilla. <a href=\"https:\/\/prolift.ee\/fi\/epoke-a-s\/\" target=\"_blank\" rel=\"noopener\">linkki<\/a><\/li>\n<li>Pro Lift on kuorma-auton nostolaitteiden, niiden lis\u00e4laitteiden, hydraulikomponenttien ja koriosien maahantuoja ja myyj\u00e4. Tarjoamme valmiita ratkaisuja runkotrukeille &#8211; asennamme asiakkaan toivoman p\u00e4\u00e4llirakenteen kuorma-auton runkoon tehtaalta kokonaisratkaisulla (kippi, malli, koukkunosturi, k\u00f6ysihissi hydraulinostimella tai ilman, mets\u00e4trukki, telttaauto, per\u00e4k\u00e4rry jne.). T\u00e4ydellinen ratkaisu sis\u00e4lt\u00e4\u00e4 suunnittelun, vakavuuden ja kuorman jakautumisen laskennan, p\u00e4\u00e4llirakenteen toteutuksen, testauksen, kansallisen tyyppihyv\u00e4ksynn\u00e4n ja koulutuksen.<\/li>\n<\/ul>\n","protected":false},"excerpt":{"rendered":"<p>L\u00e4\u00e4ne teed uusi Scania R500 \u2013kuorma-auto on k\u00e4yt\u00e4nn\u00f6llinen ja luotettava ratkaisu kaikkina vuodenaikoina.\u00a0<\/p>\n","protected":false},"author":9,"featured_media":23401,"comment_status":"closed","ping_status":"closed","sticky":false,"template":"","format":"standard","meta":{"footnotes":""},"categories":[671,653,736,659,647,593,592,635,484,744,591,434,660],"tags":[530],"class_list":["post-23410","post","type-post","status-publish","format-standard","has-post-thumbnail","hentry","category-epoke-fi","category-kippi-laatikko","category-kippikuljetus","category-levittimet-aurat","category-paallirakenne","category-paallysrakenne-merkki","category-runko","category-scania-fi","category-tehdyt-tyot","category-teiden-kunnossapito","category-toiminta-ala","category-uutiset","category-vetopyoran-hydrauliikka","tag-scania-fi"],"yoast_head":"<!-- This site is optimized with the Yoast SEO plugin v27.3 - https:\/\/yoast.com\/product\/yoast-seo-wordpress\/ -->\n<title>K\u00e4yt\u00e4nn\u00f6llinen kuorma-auto ymp\u00e4ri vuoden - Pro Lift O\u00dc<\/title>\n<meta name=\"description\" content=\"L\u00e4\u00e4ne teed uusi Scania R500 \u2013kuorma-auto on k\u00e4yt\u00e4nn\u00f6llinen ja luotettava ratkaisu kaikkina vuodenaikoina.\u00a0\" \/>\n<meta name=\"robots\" content=\"index, follow, max-snippet:-1, max-image-preview:large, max-video-preview:-1\" \/>\n<link rel=\"canonical\" href=\"https:\/\/prolift.ee\/fi\/laane-teed-scania\/\" \/>\n<meta property=\"og:locale\" content=\"fi_FI\" \/>\n<meta property=\"og:type\" content=\"article\" \/>\n<meta property=\"og:title\" content=\"K\u00e4yt\u00e4nn\u00f6llinen kuorma-auto ymp\u00e4ri vuoden - Pro Lift O\u00dc\" \/>\n<meta property=\"og:description\" content=\"L\u00e4\u00e4ne teed uusi Scania R500 \u2013kuorma-auto on k\u00e4yt\u00e4nn\u00f6llinen ja luotettava ratkaisu kaikkina vuodenaikoina.\u00a0\" \/>\n<meta property=\"og:url\" content=\"https:\/\/prolift.ee\/fi\/laane-teed-scania\/\" \/>\n<meta property=\"og:site_name\" content=\"Pro Lift O\u00dc\" \/>\n<meta property=\"article:publisher\" content=\"https:\/\/www.facebook.com\/proliftou\" \/>\n<meta property=\"article:published_time\" content=\"2023-03-17T12:42:40+00:00\" \/>\n<meta property=\"article:modified_time\" content=\"2024-07-12T09:55:05+00:00\" \/>\n<meta property=\"og:image\" content=\"https:\/\/prolift.ee\/wp-content\/uploads\/2023\/03\/3.png\" \/>\n\t<meta property=\"og:image:width\" content=\"1200\" \/>\n\t<meta property=\"og:image:height\" content=\"1200\" \/>\n\t<meta property=\"og:image:type\" content=\"image\/png\" \/>\n<meta name=\"author\" content=\"Raili Riiberg\" \/>\n<meta name=\"twitter:card\" content=\"summary_large_image\" \/>\n<meta name=\"twitter:label1\" content=\"Kirjoittanut\" \/>\n\t<meta name=\"twitter:data1\" content=\"Raili Riiberg\" \/>\n\t<meta name=\"twitter:label2\" content=\"Arvioitu lukuaika\" \/>\n\t<meta name=\"twitter:data2\" content=\"2 minuuttia\" \/>\n<script type=\"application\/ld+json\" class=\"yoast-schema-graph\">{\"@context\":\"https:\\\/\\\/schema.org\",\"@graph\":[{\"@type\":\"Article\",\"@id\":\"https:\\\/\\\/prolift.ee\\\/fi\\\/laane-teed-scania\\\/#article\",\"isPartOf\":{\"@id\":\"https:\\\/\\\/prolift.ee\\\/fi\\\/laane-teed-scania\\\/\"},\"author\":{\"name\":\"Raili Riiberg\",\"@id\":\"https:\\\/\\\/prolift.ee\\\/fi\\\/#\\\/schema\\\/person\\\/699fa44bc6c24a1f12c6c174e129495f\"},\"headline\":\"K\u00e4yt\u00e4nn\u00f6llinen kuorma-auto ymp\u00e4ri vuoden\",\"datePublished\":\"2023-03-17T12:42:40+00:00\",\"dateModified\":\"2024-07-12T09:55:05+00:00\",\"mainEntityOfPage\":{\"@id\":\"https:\\\/\\\/prolift.ee\\\/fi\\\/laane-teed-scania\\\/\"},\"wordCount\":304,\"publisher\":{\"@id\":\"https:\\\/\\\/prolift.ee\\\/fi\\\/#organization\"},\"image\":{\"@id\":\"https:\\\/\\\/prolift.ee\\\/fi\\\/laane-teed-scania\\\/#primaryimage\"},\"thumbnailUrl\":\"https:\\\/\\\/prolift.ee\\\/wp-content\\\/uploads\\\/2023\\\/03\\\/3.png\",\"keywords\":[\"Scania\"],\"articleSection\":[\"Epoke\",\"Kippi laatikko\",\"Kippikuljetus\",\"Levittimet, aurat\",\"P\u00e4\u00e4llirakenne\",\"P\u00e4\u00e4llysrakenteen merkki\",\"Runko\",\"Scania\",\"Tehdyt ty\u00f6t\",\"Teiden kunnossapito\",\"Toiminta-ala\",\"UUTISET\",\"Vetopy\u00f6r\u00e4n hydrauliikka\"],\"inLanguage\":\"fi\"},{\"@type\":\"WebPage\",\"@id\":\"https:\\\/\\\/prolift.ee\\\/fi\\\/laane-teed-scania\\\/\",\"url\":\"https:\\\/\\\/prolift.ee\\\/fi\\\/laane-teed-scania\\\/\",\"name\":\"K\u00e4yt\u00e4nn\u00f6llinen kuorma-auto ymp\u00e4ri vuoden - Pro Lift O\u00dc\",\"isPartOf\":{\"@id\":\"https:\\\/\\\/prolift.ee\\\/fi\\\/#website\"},\"primaryImageOfPage\":{\"@id\":\"https:\\\/\\\/prolift.ee\\\/fi\\\/laane-teed-scania\\\/#primaryimage\"},\"image\":{\"@id\":\"https:\\\/\\\/prolift.ee\\\/fi\\\/laane-teed-scania\\\/#primaryimage\"},\"thumbnailUrl\":\"https:\\\/\\\/prolift.ee\\\/wp-content\\\/uploads\\\/2023\\\/03\\\/3.png\",\"datePublished\":\"2023-03-17T12:42:40+00:00\",\"dateModified\":\"2024-07-12T09:55:05+00:00\",\"description\":\"L\u00e4\u00e4ne teed uusi Scania R500 \u2013kuorma-auto on k\u00e4yt\u00e4nn\u00f6llinen ja luotettava ratkaisu kaikkina vuodenaikoina.\u00a0\",\"breadcrumb\":{\"@id\":\"https:\\\/\\\/prolift.ee\\\/fi\\\/laane-teed-scania\\\/#breadcrumb\"},\"inLanguage\":\"fi\",\"potentialAction\":[{\"@type\":\"ReadAction\",\"target\":[\"https:\\\/\\\/prolift.ee\\\/fi\\\/laane-teed-scania\\\/\"]}]},{\"@type\":\"ImageObject\",\"inLanguage\":\"fi\",\"@id\":\"https:\\\/\\\/prolift.ee\\\/fi\\\/laane-teed-scania\\\/#primaryimage\",\"url\":\"https:\\\/\\\/prolift.ee\\\/wp-content\\\/uploads\\\/2023\\\/03\\\/3.png\",\"contentUrl\":\"https:\\\/\\\/prolift.ee\\\/wp-content\\\/uploads\\\/2023\\\/03\\\/3.png\",\"width\":1200,\"height\":1200},{\"@type\":\"BreadcrumbList\",\"@id\":\"https:\\\/\\\/prolift.ee\\\/fi\\\/laane-teed-scania\\\/#breadcrumb\",\"itemListElement\":[{\"@type\":\"ListItem\",\"position\":1,\"name\":\"Home\",\"item\":\"https:\\\/\\\/prolift.ee\\\/fi\\\/etusivu\\\/\"},{\"@type\":\"ListItem\",\"position\":2,\"name\":\"K\u00e4yt\u00e4nn\u00f6llinen kuorma-auto ymp\u00e4ri vuoden\"}]},{\"@type\":\"WebSite\",\"@id\":\"https:\\\/\\\/prolift.ee\\\/fi\\\/#website\",\"url\":\"https:\\\/\\\/prolift.ee\\\/fi\\\/\",\"name\":\"Pro Lift O\u00dc\",\"description\":\"Pealisehituse valmislahendused\",\"publisher\":{\"@id\":\"https:\\\/\\\/prolift.ee\\\/fi\\\/#organization\"},\"potentialAction\":[{\"@type\":\"SearchAction\",\"target\":{\"@type\":\"EntryPoint\",\"urlTemplate\":\"https:\\\/\\\/prolift.ee\\\/fi\\\/?s={search_term_string}\"},\"query-input\":{\"@type\":\"PropertyValueSpecification\",\"valueRequired\":true,\"valueName\":\"search_term_string\"}}],\"inLanguage\":\"fi\"},{\"@type\":\"Organization\",\"@id\":\"https:\\\/\\\/prolift.ee\\\/fi\\\/#organization\",\"name\":\"Pro Lift O\u00dc\",\"url\":\"https:\\\/\\\/prolift.ee\\\/fi\\\/\",\"logo\":{\"@type\":\"ImageObject\",\"inLanguage\":\"fi\",\"@id\":\"https:\\\/\\\/prolift.ee\\\/fi\\\/#\\\/schema\\\/logo\\\/image\\\/\",\"url\":\"https:\\\/\\\/prolift.ee\\\/wp-content\\\/uploads\\\/2021\\\/07\\\/Logo_Full_Color.svg\",\"contentUrl\":\"https:\\\/\\\/prolift.ee\\\/wp-content\\\/uploads\\\/2021\\\/07\\\/Logo_Full_Color.svg\",\"width\":1,\"height\":1,\"caption\":\"Pro Lift O\u00dc\"},\"image\":{\"@id\":\"https:\\\/\\\/prolift.ee\\\/fi\\\/#\\\/schema\\\/logo\\\/image\\\/\"},\"sameAs\":[\"https:\\\/\\\/www.facebook.com\\\/proliftou\",\"https:\\\/\\\/www.instagram.com\\\/proliftou\\\/\",\"https:\\\/\\\/www.linkedin.com\\\/company\\\/prolift\\\/\"]},{\"@type\":\"Person\",\"@id\":\"https:\\\/\\\/prolift.ee\\\/fi\\\/#\\\/schema\\\/person\\\/699fa44bc6c24a1f12c6c174e129495f\",\"name\":\"Raili Riiberg\",\"image\":{\"@type\":\"ImageObject\",\"inLanguage\":\"fi\",\"@id\":\"https:\\\/\\\/secure.gravatar.com\\\/avatar\\\/c53ae419ae3ada96b7c05e78c9150182144d11f5b50d2fff47c860fb6b4e745b?s=96&d=mm&r=g\",\"url\":\"https:\\\/\\\/secure.gravatar.com\\\/avatar\\\/c53ae419ae3ada96b7c05e78c9150182144d11f5b50d2fff47c860fb6b4e745b?s=96&d=mm&r=g\",\"contentUrl\":\"https:\\\/\\\/secure.gravatar.com\\\/avatar\\\/c53ae419ae3ada96b7c05e78c9150182144d11f5b50d2fff47c860fb6b4e745b?s=96&d=mm&r=g\",\"caption\":\"Raili Riiberg\"},\"sameAs\":[\"https:\\\/\\\/prolift.ee\\\/\"]}]}<\/script>\n<!-- \/ Yoast SEO plugin. -->","yoast_head_json":{"title":"K\u00e4yt\u00e4nn\u00f6llinen kuorma-auto ymp\u00e4ri vuoden - Pro Lift O\u00dc","description":"L\u00e4\u00e4ne teed uusi Scania R500 \u2013kuorma-auto on k\u00e4yt\u00e4nn\u00f6llinen ja luotettava ratkaisu kaikkina vuodenaikoina.\u00a0","robots":{"index":"index","follow":"follow","max-snippet":"max-snippet:-1","max-image-preview":"max-image-preview:large","max-video-preview":"max-video-preview:-1"},"canonical":"https:\/\/prolift.ee\/fi\/laane-teed-scania\/","og_locale":"fi_FI","og_type":"article","og_title":"K\u00e4yt\u00e4nn\u00f6llinen kuorma-auto ymp\u00e4ri vuoden - Pro Lift O\u00dc","og_description":"L\u00e4\u00e4ne teed uusi Scania R500 \u2013kuorma-auto on k\u00e4yt\u00e4nn\u00f6llinen ja luotettava ratkaisu kaikkina vuodenaikoina.\u00a0","og_url":"https:\/\/prolift.ee\/fi\/laane-teed-scania\/","og_site_name":"Pro Lift O\u00dc","article_publisher":"https:\/\/www.facebook.com\/proliftou","article_published_time":"2023-03-17T12:42:40+00:00","article_modified_time":"2024-07-12T09:55:05+00:00","og_image":[{"width":1200,"height":1200,"url":"https:\/\/prolift.ee\/wp-content\/uploads\/2023\/03\/3.png","type":"image\/png"}],"author":"Raili Riiberg","twitter_card":"summary_large_image","twitter_misc":{"Kirjoittanut":"Raili Riiberg","Arvioitu lukuaika":"2 minuuttia"},"schema":{"@context":"https:\/\/schema.org","@graph":[{"@type":"Article","@id":"https:\/\/prolift.ee\/fi\/laane-teed-scania\/#article","isPartOf":{"@id":"https:\/\/prolift.ee\/fi\/laane-teed-scania\/"},"author":{"name":"Raili Riiberg","@id":"https:\/\/prolift.ee\/fi\/#\/schema\/person\/699fa44bc6c24a1f12c6c174e129495f"},"headline":"K\u00e4yt\u00e4nn\u00f6llinen kuorma-auto ymp\u00e4ri vuoden","datePublished":"2023-03-17T12:42:40+00:00","dateModified":"2024-07-12T09:55:05+00:00","mainEntityOfPage":{"@id":"https:\/\/prolift.ee\/fi\/laane-teed-scania\/"},"wordCount":304,"publisher":{"@id":"https:\/\/prolift.ee\/fi\/#organization"},"image":{"@id":"https:\/\/prolift.ee\/fi\/laane-teed-scania\/#primaryimage"},"thumbnailUrl":"https:\/\/prolift.ee\/wp-content\/uploads\/2023\/03\/3.png","keywords":["Scania"],"articleSection":["Epoke","Kippi laatikko","Kippikuljetus","Levittimet, aurat","P\u00e4\u00e4llirakenne","P\u00e4\u00e4llysrakenteen merkki","Runko","Scania","Tehdyt ty\u00f6t","Teiden kunnossapito","Toiminta-ala","UUTISET","Vetopy\u00f6r\u00e4n hydrauliikka"],"inLanguage":"fi"},{"@type":"WebPage","@id":"https:\/\/prolift.ee\/fi\/laane-teed-scania\/","url":"https:\/\/prolift.ee\/fi\/laane-teed-scania\/","name":"K\u00e4yt\u00e4nn\u00f6llinen kuorma-auto ymp\u00e4ri vuoden - Pro Lift O\u00dc","isPartOf":{"@id":"https:\/\/prolift.ee\/fi\/#website"},"primaryImageOfPage":{"@id":"https:\/\/prolift.ee\/fi\/laane-teed-scania\/#primaryimage"},"image":{"@id":"https:\/\/prolift.ee\/fi\/laane-teed-scania\/#primaryimage"},"thumbnailUrl":"https:\/\/prolift.ee\/wp-content\/uploads\/2023\/03\/3.png","datePublished":"2023-03-17T12:42:40+00:00","dateModified":"2024-07-12T09:55:05+00:00","description":"L\u00e4\u00e4ne teed uusi Scania R500 \u2013kuorma-auto on k\u00e4yt\u00e4nn\u00f6llinen ja luotettava ratkaisu kaikkina vuodenaikoina.\u00a0","breadcrumb":{"@id":"https:\/\/prolift.ee\/fi\/laane-teed-scania\/#breadcrumb"},"inLanguage":"fi","potentialAction":[{"@type":"ReadAction","target":["https:\/\/prolift.ee\/fi\/laane-teed-scania\/"]}]},{"@type":"ImageObject","inLanguage":"fi","@id":"https:\/\/prolift.ee\/fi\/laane-teed-scania\/#primaryimage","url":"https:\/\/prolift.ee\/wp-content\/uploads\/2023\/03\/3.png","contentUrl":"https:\/\/prolift.ee\/wp-content\/uploads\/2023\/03\/3.png","width":1200,"height":1200},{"@type":"BreadcrumbList","@id":"https:\/\/prolift.ee\/fi\/laane-teed-scania\/#breadcrumb","itemListElement":[{"@type":"ListItem","position":1,"name":"Home","item":"https:\/\/prolift.ee\/fi\/etusivu\/"},{"@type":"ListItem","position":2,"name":"K\u00e4yt\u00e4nn\u00f6llinen kuorma-auto ymp\u00e4ri vuoden"}]},{"@type":"WebSite","@id":"https:\/\/prolift.ee\/fi\/#website","url":"https:\/\/prolift.ee\/fi\/","name":"Pro Lift O\u00dc","description":"Pealisehituse valmislahendused","publisher":{"@id":"https:\/\/prolift.ee\/fi\/#organization"},"potentialAction":[{"@type":"SearchAction","target":{"@type":"EntryPoint","urlTemplate":"https:\/\/prolift.ee\/fi\/?s={search_term_string}"},"query-input":{"@type":"PropertyValueSpecification","valueRequired":true,"valueName":"search_term_string"}}],"inLanguage":"fi"},{"@type":"Organization","@id":"https:\/\/prolift.ee\/fi\/#organization","name":"Pro Lift O\u00dc","url":"https:\/\/prolift.ee\/fi\/","logo":{"@type":"ImageObject","inLanguage":"fi","@id":"https:\/\/prolift.ee\/fi\/#\/schema\/logo\/image\/","url":"https:\/\/prolift.ee\/wp-content\/uploads\/2021\/07\/Logo_Full_Color.svg","contentUrl":"https:\/\/prolift.ee\/wp-content\/uploads\/2021\/07\/Logo_Full_Color.svg","width":1,"height":1,"caption":"Pro Lift O\u00dc"},"image":{"@id":"https:\/\/prolift.ee\/fi\/#\/schema\/logo\/image\/"},"sameAs":["https:\/\/www.facebook.com\/proliftou","https:\/\/www.instagram.com\/proliftou\/","https:\/\/www.linkedin.com\/company\/prolift\/"]},{"@type":"Person","@id":"https:\/\/prolift.ee\/fi\/#\/schema\/person\/699fa44bc6c24a1f12c6c174e129495f","name":"Raili Riiberg","image":{"@type":"ImageObject","inLanguage":"fi","@id":"https:\/\/secure.gravatar.com\/avatar\/c53ae419ae3ada96b7c05e78c9150182144d11f5b50d2fff47c860fb6b4e745b?s=96&d=mm&r=g","url":"https:\/\/secure.gravatar.com\/avatar\/c53ae419ae3ada96b7c05e78c9150182144d11f5b50d2fff47c860fb6b4e745b?s=96&d=mm&r=g","contentUrl":"https:\/\/secure.gravatar.com\/avatar\/c53ae419ae3ada96b7c05e78c9150182144d11f5b50d2fff47c860fb6b4e745b?s=96&d=mm&r=g","caption":"Raili Riiberg"},"sameAs":["https:\/\/prolift.ee\/"]}]}},"_links":{"self":[{"href":"https:\/\/prolift.ee\/fi\/wp-json\/wp\/v2\/posts\/23410","targetHints":{"allow":["GET"]}}],"collection":[{"href":"https:\/\/prolift.ee\/fi\/wp-json\/wp\/v2\/posts"}],"about":[{"href":"https:\/\/prolift.ee\/fi\/wp-json\/wp\/v2\/types\/post"}],"author":[{"embeddable":true,"href":"https:\/\/prolift.ee\/fi\/wp-json\/wp\/v2\/users\/9"}],"replies":[{"embeddable":true,"href":"https:\/\/prolift.ee\/fi\/wp-json\/wp\/v2\/comments?post=23410"}],"version-history":[{"count":4,"href":"https:\/\/prolift.ee\/fi\/wp-json\/wp\/v2\/posts\/23410\/revisions"}],"predecessor-version":[{"id":23600,"href":"https:\/\/prolift.ee\/fi\/wp-json\/wp\/v2\/posts\/23410\/revisions\/23600"}],"wp:featuredmedia":[{"embeddable":true,"href":"https:\/\/prolift.ee\/fi\/wp-json\/wp\/v2\/media\/23401"}],"wp:attachment":[{"href":"https:\/\/prolift.ee\/fi\/wp-json\/wp\/v2\/media?parent=23410"}],"wp:term":[{"taxonomy":"category","embeddable":true,"href":"https:\/\/prolift.ee\/fi\/wp-json\/wp\/v2\/categories?post=23410"},{"taxonomy":"post_tag","embeddable":true,"href":"https:\/\/prolift.ee\/fi\/wp-json\/wp\/v2\/tags?post=23410"}],"curies":[{"name":"wp","href":"https:\/\/api.w.org\/{rel}","templated":true}]}}