{"id":23131,"date":"2023-01-15T13:15:39","date_gmt":"2023-01-15T11:15:39","guid":{"rendered":"https:\/\/prolift.ee\/mb-sprinteriille-dhollandia-pakettiautonostin\/"},"modified":"2024-07-12T12:58:40","modified_gmt":"2024-07-12T09:58:40","slug":"dhollandia-pakettiautonostin","status":"publish","type":"post","link":"https:\/\/prolift.ee\/fi\/dhollandia-pakettiautonostin\/","title":{"rendered":"MB Sprinteriille DHollandia-pakettiautonostin"},"content":{"rendered":"<p><span class=\"TextRun SCXW200749749 BCX4\" lang=\"ET-EE\" xml:lang=\"ET-EE\" data-contrast=\"auto\"><span class=\"SpellingError SCXW200749749 BCX4\">Asensimme<\/span> <span class=\"SpellingError SCXW200749749 BCX4\">DHollandia<\/span> <span class=\"SpellingError SCXW200749749 BCX4\">pakettiautonostimen<\/span><span class=\"NormalTextRun SCXW200749749 BCX4\"> DHLSPZ.07 (<\/span><span class=\"SpellingError SCXW200749749 BCX4\">nostokyky<\/span><span class=\"NormalTextRun SCXW200749749 BCX4\"> 500 kg) S\u00f5bra veod <\/span><span class=\"SpellingError SCXW200749749 BCX4\">O\u00dc:n<\/span> <span class=\"SpellingError SCXW200749749 BCX4\">uuteen<\/span><span class=\"NormalTextRun SCXW200749749 BCX4\"> MB <\/span><span class=\"SpellingError SCXW200749749 BCX4\">Sprinteriin<\/span><span class=\"NormalTextRun SCXW200749749 BCX4\">.<\/span><\/span><span class=\"LineBreakBlob BlobObject DragDrop SCXW200749749 BCX4\"><span class=\"SCXW200749749 BCX4\">\u00a0<\/span><\/span><\/p>\n<p><span class=\"TextRun SCXW200749749 BCX4\" lang=\"ET-EE\" xml:lang=\"ET-EE\" data-contrast=\"auto\"><span class=\"SpellingError SCXW200749749 BCX4\">Taitettava<\/span><span class=\"NormalTextRun SCXW200749749 BCX4\"> alusta <\/span><span class=\"SpellingError SCXW200749749 BCX4\">tekee<\/span> <span class=\"SpellingError SCXW200749749 BCX4\">k\u00e4yt\u00f6st\u00e4<\/span> <span class=\"SpellingError SCXW200749749 BCX4\">erityisen<\/span> <span class=\"SpellingError SCXW200749749 BCX4\">k\u00e4yt\u00e4nn\u00f6llisen<\/span><span class=\"NormalTextRun SCXW200749749 BCX4\"> &#8211; <\/span><span class=\"SpellingError SCXW200749749 BCX4\">sinun<\/span><span class=\"NormalTextRun SCXW200749749 BCX4\"> ei tarvitse <\/span><span class=\"SpellingError SCXW200749749 BCX4\">laskea<\/span> <span class=\"SpellingError SCXW200749749 BCX4\">luukkua<\/span> <span class=\"SpellingError SCXW200749749 BCX4\">kuljetusasennossa<\/span> <span class=\"SpellingError SCXW200749749 BCX4\">yhden<\/span> <span class=\"SpellingError SCXW200749749 BCX4\">oven<\/span> <span class=\"SpellingError SCXW200749749 BCX4\">avaamiseksi<\/span><span class=\"NormalTextRun SCXW200749749 BCX4\">.<\/span><\/span><span class=\"EOP SCXW200749749 BCX4\" data-ccp-props=\"{}\">\u00a0<\/span><\/p>\n<p>Tuoteluettelomme: <a href=\"https:\/\/prolift.ee\/fi\/tuoteluettelo\/\" target=\"_blank\" rel=\"noopener\">linkki<\/a><\/p>\n<div id='gallery-1' class='gallery galleryid-23131 gallery-columns-3 gallery-size-medium'><figure class='gallery-item'>\n\t\t\t<div class='gallery-icon landscape'>\n\t\t\t\t<img fetchpriority=\"high\" decoding=\"async\" width=\"550\" height=\"550\" src=\"https:\/\/prolift.ee\/wp-content\/uploads\/2023\/02\/10-550x550.png\" class=\"attachment-medium size-medium\" alt=\"DHollandia luukp\u00e4ra t\u00f5stuk MB Sprinterile\" srcset=\"https:\/\/prolift.ee\/wp-content\/uploads\/2023\/02\/10-550x550.png 550w, https:\/\/prolift.ee\/wp-content\/uploads\/2023\/02\/10-1024x1024.png 1024w, https:\/\/prolift.ee\/wp-content\/uploads\/2023\/02\/10-150x150.png 150w, https:\/\/prolift.ee\/wp-content\/uploads\/2023\/02\/10-768x768.png 768w, https:\/\/prolift.ee\/wp-content\/uploads\/2023\/02\/10-700x700.png 700w, https:\/\/prolift.ee\/wp-content\/uploads\/2023\/02\/10.png 1200w\" sizes=\"(max-width: 550px) 100vw, 550px\" \/>\n\t\t\t<\/div><\/figure><figure class='gallery-item'>\n\t\t\t<div class='gallery-icon landscape'>\n\t\t\t\t<img decoding=\"async\" width=\"550\" height=\"550\" src=\"https:\/\/prolift.ee\/wp-content\/uploads\/2023\/02\/11-550x550.png\" class=\"attachment-medium size-medium\" alt=\"DHollandia luukp\u00e4ra t\u00f5stuk MB Sprinterile\" srcset=\"https:\/\/prolift.ee\/wp-content\/uploads\/2023\/02\/11-550x550.png 550w, https:\/\/prolift.ee\/wp-content\/uploads\/2023\/02\/11-1024x1024.png 1024w, https:\/\/prolift.ee\/wp-content\/uploads\/2023\/02\/11-150x150.png 150w, https:\/\/prolift.ee\/wp-content\/uploads\/2023\/02\/11-768x768.png 768w, https:\/\/prolift.ee\/wp-content\/uploads\/2023\/02\/11-700x700.png 700w, https:\/\/prolift.ee\/wp-content\/uploads\/2023\/02\/11.png 1200w\" sizes=\"(max-width: 550px) 100vw, 550px\" \/>\n\t\t\t<\/div><\/figure><figure class='gallery-item'>\n\t\t\t<div class='gallery-icon landscape'>\n\t\t\t\t<img decoding=\"async\" width=\"550\" height=\"550\" src=\"https:\/\/prolift.ee\/wp-content\/uploads\/2023\/02\/12-550x550.png\" class=\"attachment-medium size-medium\" alt=\"DHollandia luukp\u00e4ra t\u00f5stuk MB Sprinterile\" srcset=\"https:\/\/prolift.ee\/wp-content\/uploads\/2023\/02\/12-550x550.png 550w, https:\/\/prolift.ee\/wp-content\/uploads\/2023\/02\/12-1024x1024.png 1024w, https:\/\/prolift.ee\/wp-content\/uploads\/2023\/02\/12-150x150.png 150w, https:\/\/prolift.ee\/wp-content\/uploads\/2023\/02\/12-768x768.png 768w, https:\/\/prolift.ee\/wp-content\/uploads\/2023\/02\/12-700x700.png 700w, https:\/\/prolift.ee\/wp-content\/uploads\/2023\/02\/12.png 1200w\" sizes=\"(max-width: 550px) 100vw, 550px\" \/>\n\t\t\t<\/div><\/figure>\n\t\t<\/div>\n\n","protected":false},"excerpt":{"rendered":"<p>Asensimme MB Sprinteriin DHollandia-pakettiautonostimen &#8211; k\u00e4yt\u00e4nn\u00f6llisen ja tehokkaan apulaisen.<\/p>\n","protected":false},"author":9,"featured_media":23110,"comment_status":"closed","ping_status":"closed","sticky":false,"template":"","format":"standard","meta":{"footnotes":""},"categories":[669,625,596,662,647,593,592,484,591,434],"tags":[],"class_list":["post-23131","post","type-post","status-publish","format-standard","has-post-thumbnail","hentry","category-dhollandia-fi","category-mercedes-benz-fi","category-nostaminen-ja-lastaaminen","category-nosturi","category-paallirakenne","category-paallysrakenne-merkki","category-runko","category-tehdyt-tyot","category-toiminta-ala","category-uutiset"],"yoast_head":"<!-- This site is optimized with the Yoast SEO plugin v27.3 - https:\/\/yoast.com\/product\/yoast-seo-wordpress\/ -->\n<title>MB Sprinteriille DHollandia-pakettiautonostin - Pro Lift O\u00dc<\/title>\n<meta name=\"description\" content=\"Asensimme MB Sprinteriin DHollandia-pakettiautonostimen - k\u00e4yt\u00e4nn\u00f6llisen ja tehokkaan apulaisen\" \/>\n<meta name=\"robots\" content=\"index, follow, max-snippet:-1, max-image-preview:large, max-video-preview:-1\" \/>\n<link rel=\"canonical\" href=\"https:\/\/prolift.ee\/fi\/dhollandia-pakettiautonostin\/\" \/>\n<meta property=\"og:locale\" content=\"fi_FI\" \/>\n<meta property=\"og:type\" content=\"article\" \/>\n<meta property=\"og:title\" content=\"MB Sprinteriille DHollandia-pakettiautonostin - Pro Lift O\u00dc\" \/>\n<meta property=\"og:description\" content=\"Asensimme MB Sprinteriin DHollandia-pakettiautonostimen - k\u00e4yt\u00e4nn\u00f6llisen ja tehokkaan apulaisen\" \/>\n<meta property=\"og:url\" content=\"https:\/\/prolift.ee\/fi\/dhollandia-pakettiautonostin\/\" \/>\n<meta property=\"og:site_name\" content=\"Pro Lift O\u00dc\" \/>\n<meta property=\"article:publisher\" content=\"https:\/\/www.facebook.com\/proliftou\" \/>\n<meta property=\"article:published_time\" content=\"2023-01-15T11:15:39+00:00\" \/>\n<meta property=\"article:modified_time\" content=\"2024-07-12T09:58:40+00:00\" \/>\n<meta property=\"og:image\" content=\"https:\/\/prolift.ee\/wp-content\/uploads\/2023\/02\/9.png\" \/>\n\t<meta property=\"og:image:width\" content=\"1200\" \/>\n\t<meta property=\"og:image:height\" content=\"1200\" \/>\n\t<meta property=\"og:image:type\" content=\"image\/png\" \/>\n<meta name=\"author\" content=\"Raili Riiberg\" \/>\n<meta name=\"twitter:card\" content=\"summary_large_image\" \/>\n<meta name=\"twitter:label1\" content=\"Kirjoittanut\" \/>\n\t<meta name=\"twitter:data1\" content=\"Raili Riiberg\" \/>\n\t<meta name=\"twitter:label2\" content=\"Arvioitu lukuaika\" \/>\n\t<meta name=\"twitter:data2\" content=\"1 minuutti\" \/>\n<script type=\"application\/ld+json\" class=\"yoast-schema-graph\">{\"@context\":\"https:\\\/\\\/schema.org\",\"@graph\":[{\"@type\":\"Article\",\"@id\":\"https:\\\/\\\/prolift.ee\\\/fi\\\/dhollandia-pakettiautonostin\\\/#article\",\"isPartOf\":{\"@id\":\"https:\\\/\\\/prolift.ee\\\/fi\\\/dhollandia-pakettiautonostin\\\/\"},\"author\":{\"name\":\"Raili Riiberg\",\"@id\":\"https:\\\/\\\/prolift.ee\\\/fi\\\/#\\\/schema\\\/person\\\/699fa44bc6c24a1f12c6c174e129495f\"},\"headline\":\"MB Sprinteriille DHollandia-pakettiautonostin\",\"datePublished\":\"2023-01-15T11:15:39+00:00\",\"dateModified\":\"2024-07-12T09:58:40+00:00\",\"mainEntityOfPage\":{\"@id\":\"https:\\\/\\\/prolift.ee\\\/fi\\\/dhollandia-pakettiautonostin\\\/\"},\"wordCount\":46,\"publisher\":{\"@id\":\"https:\\\/\\\/prolift.ee\\\/fi\\\/#organization\"},\"image\":{\"@id\":\"https:\\\/\\\/prolift.ee\\\/fi\\\/dhollandia-pakettiautonostin\\\/#primaryimage\"},\"thumbnailUrl\":\"https:\\\/\\\/prolift.ee\\\/wp-content\\\/uploads\\\/2023\\\/02\\\/9.png\",\"articleSection\":[\"Dhollandia\",\"Mercedes-Benz\",\"Nostaminen ja lastaaminen\",\"Nosturi\",\"P\u00e4\u00e4llirakenne\",\"P\u00e4\u00e4llysrakenteen merkki\",\"Runko\",\"Tehdyt ty\u00f6t\",\"Toiminta-ala\",\"UUTISET\"],\"inLanguage\":\"fi\"},{\"@type\":\"WebPage\",\"@id\":\"https:\\\/\\\/prolift.ee\\\/fi\\\/dhollandia-pakettiautonostin\\\/\",\"url\":\"https:\\\/\\\/prolift.ee\\\/fi\\\/dhollandia-pakettiautonostin\\\/\",\"name\":\"MB Sprinteriille DHollandia-pakettiautonostin - Pro Lift O\u00dc\",\"isPartOf\":{\"@id\":\"https:\\\/\\\/prolift.ee\\\/fi\\\/#website\"},\"primaryImageOfPage\":{\"@id\":\"https:\\\/\\\/prolift.ee\\\/fi\\\/dhollandia-pakettiautonostin\\\/#primaryimage\"},\"image\":{\"@id\":\"https:\\\/\\\/prolift.ee\\\/fi\\\/dhollandia-pakettiautonostin\\\/#primaryimage\"},\"thumbnailUrl\":\"https:\\\/\\\/prolift.ee\\\/wp-content\\\/uploads\\\/2023\\\/02\\\/9.png\",\"datePublished\":\"2023-01-15T11:15:39+00:00\",\"dateModified\":\"2024-07-12T09:58:40+00:00\",\"description\":\"Asensimme MB Sprinteriin DHollandia-pakettiautonostimen - k\u00e4yt\u00e4nn\u00f6llisen ja tehokkaan apulaisen\",\"breadcrumb\":{\"@id\":\"https:\\\/\\\/prolift.ee\\\/fi\\\/dhollandia-pakettiautonostin\\\/#breadcrumb\"},\"inLanguage\":\"fi\",\"potentialAction\":[{\"@type\":\"ReadAction\",\"target\":[\"https:\\\/\\\/prolift.ee\\\/fi\\\/dhollandia-pakettiautonostin\\\/\"]}]},{\"@type\":\"ImageObject\",\"inLanguage\":\"fi\",\"@id\":\"https:\\\/\\\/prolift.ee\\\/fi\\\/dhollandia-pakettiautonostin\\\/#primaryimage\",\"url\":\"https:\\\/\\\/prolift.ee\\\/wp-content\\\/uploads\\\/2023\\\/02\\\/9.png\",\"contentUrl\":\"https:\\\/\\\/prolift.ee\\\/wp-content\\\/uploads\\\/2023\\\/02\\\/9.png\",\"width\":1200,\"height\":1200},{\"@type\":\"BreadcrumbList\",\"@id\":\"https:\\\/\\\/prolift.ee\\\/fi\\\/dhollandia-pakettiautonostin\\\/#breadcrumb\",\"itemListElement\":[{\"@type\":\"ListItem\",\"position\":1,\"name\":\"Home\",\"item\":\"https:\\\/\\\/prolift.ee\\\/fi\\\/etusivu\\\/\"},{\"@type\":\"ListItem\",\"position\":2,\"name\":\"MB Sprinteriille DHollandia-pakettiautonostin\"}]},{\"@type\":\"WebSite\",\"@id\":\"https:\\\/\\\/prolift.ee\\\/fi\\\/#website\",\"url\":\"https:\\\/\\\/prolift.ee\\\/fi\\\/\",\"name\":\"Pro Lift O\u00dc\",\"description\":\"Pealisehituse valmislahendused\",\"publisher\":{\"@id\":\"https:\\\/\\\/prolift.ee\\\/fi\\\/#organization\"},\"potentialAction\":[{\"@type\":\"SearchAction\",\"target\":{\"@type\":\"EntryPoint\",\"urlTemplate\":\"https:\\\/\\\/prolift.ee\\\/fi\\\/?s={search_term_string}\"},\"query-input\":{\"@type\":\"PropertyValueSpecification\",\"valueRequired\":true,\"valueName\":\"search_term_string\"}}],\"inLanguage\":\"fi\"},{\"@type\":\"Organization\",\"@id\":\"https:\\\/\\\/prolift.ee\\\/fi\\\/#organization\",\"name\":\"Pro Lift O\u00dc\",\"url\":\"https:\\\/\\\/prolift.ee\\\/fi\\\/\",\"logo\":{\"@type\":\"ImageObject\",\"inLanguage\":\"fi\",\"@id\":\"https:\\\/\\\/prolift.ee\\\/fi\\\/#\\\/schema\\\/logo\\\/image\\\/\",\"url\":\"https:\\\/\\\/prolift.ee\\\/wp-content\\\/uploads\\\/2021\\\/07\\\/Logo_Full_Color.svg\",\"contentUrl\":\"https:\\\/\\\/prolift.ee\\\/wp-content\\\/uploads\\\/2021\\\/07\\\/Logo_Full_Color.svg\",\"width\":1,\"height\":1,\"caption\":\"Pro Lift O\u00dc\"},\"image\":{\"@id\":\"https:\\\/\\\/prolift.ee\\\/fi\\\/#\\\/schema\\\/logo\\\/image\\\/\"},\"sameAs\":[\"https:\\\/\\\/www.facebook.com\\\/proliftou\",\"https:\\\/\\\/www.instagram.com\\\/proliftou\\\/\",\"https:\\\/\\\/www.linkedin.com\\\/company\\\/prolift\\\/\"]},{\"@type\":\"Person\",\"@id\":\"https:\\\/\\\/prolift.ee\\\/fi\\\/#\\\/schema\\\/person\\\/699fa44bc6c24a1f12c6c174e129495f\",\"name\":\"Raili Riiberg\",\"image\":{\"@type\":\"ImageObject\",\"inLanguage\":\"fi\",\"@id\":\"https:\\\/\\\/secure.gravatar.com\\\/avatar\\\/c53ae419ae3ada96b7c05e78c9150182144d11f5b50d2fff47c860fb6b4e745b?s=96&d=mm&r=g\",\"url\":\"https:\\\/\\\/secure.gravatar.com\\\/avatar\\\/c53ae419ae3ada96b7c05e78c9150182144d11f5b50d2fff47c860fb6b4e745b?s=96&d=mm&r=g\",\"contentUrl\":\"https:\\\/\\\/secure.gravatar.com\\\/avatar\\\/c53ae419ae3ada96b7c05e78c9150182144d11f5b50d2fff47c860fb6b4e745b?s=96&d=mm&r=g\",\"caption\":\"Raili Riiberg\"},\"sameAs\":[\"https:\\\/\\\/prolift.ee\\\/\"]}]}<\/script>\n<!-- \/ Yoast SEO plugin. -->","yoast_head_json":{"title":"MB Sprinteriille DHollandia-pakettiautonostin - Pro Lift O\u00dc","description":"Asensimme MB Sprinteriin DHollandia-pakettiautonostimen - k\u00e4yt\u00e4nn\u00f6llisen ja tehokkaan apulaisen","robots":{"index":"index","follow":"follow","max-snippet":"max-snippet:-1","max-image-preview":"max-image-preview:large","max-video-preview":"max-video-preview:-1"},"canonical":"https:\/\/prolift.ee\/fi\/dhollandia-pakettiautonostin\/","og_locale":"fi_FI","og_type":"article","og_title":"MB Sprinteriille DHollandia-pakettiautonostin - Pro Lift O\u00dc","og_description":"Asensimme MB Sprinteriin DHollandia-pakettiautonostimen - k\u00e4yt\u00e4nn\u00f6llisen ja tehokkaan apulaisen","og_url":"https:\/\/prolift.ee\/fi\/dhollandia-pakettiautonostin\/","og_site_name":"Pro Lift O\u00dc","article_publisher":"https:\/\/www.facebook.com\/proliftou","article_published_time":"2023-01-15T11:15:39+00:00","article_modified_time":"2024-07-12T09:58:40+00:00","og_image":[{"width":1200,"height":1200,"url":"https:\/\/prolift.ee\/wp-content\/uploads\/2023\/02\/9.png","type":"image\/png"}],"author":"Raili Riiberg","twitter_card":"summary_large_image","twitter_misc":{"Kirjoittanut":"Raili Riiberg","Arvioitu lukuaika":"1 minuutti"},"schema":{"@context":"https:\/\/schema.org","@graph":[{"@type":"Article","@id":"https:\/\/prolift.ee\/fi\/dhollandia-pakettiautonostin\/#article","isPartOf":{"@id":"https:\/\/prolift.ee\/fi\/dhollandia-pakettiautonostin\/"},"author":{"name":"Raili Riiberg","@id":"https:\/\/prolift.ee\/fi\/#\/schema\/person\/699fa44bc6c24a1f12c6c174e129495f"},"headline":"MB Sprinteriille DHollandia-pakettiautonostin","datePublished":"2023-01-15T11:15:39+00:00","dateModified":"2024-07-12T09:58:40+00:00","mainEntityOfPage":{"@id":"https:\/\/prolift.ee\/fi\/dhollandia-pakettiautonostin\/"},"wordCount":46,"publisher":{"@id":"https:\/\/prolift.ee\/fi\/#organization"},"image":{"@id":"https:\/\/prolift.ee\/fi\/dhollandia-pakettiautonostin\/#primaryimage"},"thumbnailUrl":"https:\/\/prolift.ee\/wp-content\/uploads\/2023\/02\/9.png","articleSection":["Dhollandia","Mercedes-Benz","Nostaminen ja lastaaminen","Nosturi","P\u00e4\u00e4llirakenne","P\u00e4\u00e4llysrakenteen merkki","Runko","Tehdyt ty\u00f6t","Toiminta-ala","UUTISET"],"inLanguage":"fi"},{"@type":"WebPage","@id":"https:\/\/prolift.ee\/fi\/dhollandia-pakettiautonostin\/","url":"https:\/\/prolift.ee\/fi\/dhollandia-pakettiautonostin\/","name":"MB Sprinteriille DHollandia-pakettiautonostin - Pro Lift O\u00dc","isPartOf":{"@id":"https:\/\/prolift.ee\/fi\/#website"},"primaryImageOfPage":{"@id":"https:\/\/prolift.ee\/fi\/dhollandia-pakettiautonostin\/#primaryimage"},"image":{"@id":"https:\/\/prolift.ee\/fi\/dhollandia-pakettiautonostin\/#primaryimage"},"thumbnailUrl":"https:\/\/prolift.ee\/wp-content\/uploads\/2023\/02\/9.png","datePublished":"2023-01-15T11:15:39+00:00","dateModified":"2024-07-12T09:58:40+00:00","description":"Asensimme MB Sprinteriin DHollandia-pakettiautonostimen - k\u00e4yt\u00e4nn\u00f6llisen ja tehokkaan apulaisen","breadcrumb":{"@id":"https:\/\/prolift.ee\/fi\/dhollandia-pakettiautonostin\/#breadcrumb"},"inLanguage":"fi","potentialAction":[{"@type":"ReadAction","target":["https:\/\/prolift.ee\/fi\/dhollandia-pakettiautonostin\/"]}]},{"@type":"ImageObject","inLanguage":"fi","@id":"https:\/\/prolift.ee\/fi\/dhollandia-pakettiautonostin\/#primaryimage","url":"https:\/\/prolift.ee\/wp-content\/uploads\/2023\/02\/9.png","contentUrl":"https:\/\/prolift.ee\/wp-content\/uploads\/2023\/02\/9.png","width":1200,"height":1200},{"@type":"BreadcrumbList","@id":"https:\/\/prolift.ee\/fi\/dhollandia-pakettiautonostin\/#breadcrumb","itemListElement":[{"@type":"ListItem","position":1,"name":"Home","item":"https:\/\/prolift.ee\/fi\/etusivu\/"},{"@type":"ListItem","position":2,"name":"MB Sprinteriille DHollandia-pakettiautonostin"}]},{"@type":"WebSite","@id":"https:\/\/prolift.ee\/fi\/#website","url":"https:\/\/prolift.ee\/fi\/","name":"Pro Lift O\u00dc","description":"Pealisehituse valmislahendused","publisher":{"@id":"https:\/\/prolift.ee\/fi\/#organization"},"potentialAction":[{"@type":"SearchAction","target":{"@type":"EntryPoint","urlTemplate":"https:\/\/prolift.ee\/fi\/?s={search_term_string}"},"query-input":{"@type":"PropertyValueSpecification","valueRequired":true,"valueName":"search_term_string"}}],"inLanguage":"fi"},{"@type":"Organization","@id":"https:\/\/prolift.ee\/fi\/#organization","name":"Pro Lift O\u00dc","url":"https:\/\/prolift.ee\/fi\/","logo":{"@type":"ImageObject","inLanguage":"fi","@id":"https:\/\/prolift.ee\/fi\/#\/schema\/logo\/image\/","url":"https:\/\/prolift.ee\/wp-content\/uploads\/2021\/07\/Logo_Full_Color.svg","contentUrl":"https:\/\/prolift.ee\/wp-content\/uploads\/2021\/07\/Logo_Full_Color.svg","width":1,"height":1,"caption":"Pro Lift O\u00dc"},"image":{"@id":"https:\/\/prolift.ee\/fi\/#\/schema\/logo\/image\/"},"sameAs":["https:\/\/www.facebook.com\/proliftou","https:\/\/www.instagram.com\/proliftou\/","https:\/\/www.linkedin.com\/company\/prolift\/"]},{"@type":"Person","@id":"https:\/\/prolift.ee\/fi\/#\/schema\/person\/699fa44bc6c24a1f12c6c174e129495f","name":"Raili Riiberg","image":{"@type":"ImageObject","inLanguage":"fi","@id":"https:\/\/secure.gravatar.com\/avatar\/c53ae419ae3ada96b7c05e78c9150182144d11f5b50d2fff47c860fb6b4e745b?s=96&d=mm&r=g","url":"https:\/\/secure.gravatar.com\/avatar\/c53ae419ae3ada96b7c05e78c9150182144d11f5b50d2fff47c860fb6b4e745b?s=96&d=mm&r=g","contentUrl":"https:\/\/secure.gravatar.com\/avatar\/c53ae419ae3ada96b7c05e78c9150182144d11f5b50d2fff47c860fb6b4e745b?s=96&d=mm&r=g","caption":"Raili Riiberg"},"sameAs":["https:\/\/prolift.ee\/"]}]}},"_links":{"self":[{"href":"https:\/\/prolift.ee\/fi\/wp-json\/wp\/v2\/posts\/23131","targetHints":{"allow":["GET"]}}],"collection":[{"href":"https:\/\/prolift.ee\/fi\/wp-json\/wp\/v2\/posts"}],"about":[{"href":"https:\/\/prolift.ee\/fi\/wp-json\/wp\/v2\/types\/post"}],"author":[{"embeddable":true,"href":"https:\/\/prolift.ee\/fi\/wp-json\/wp\/v2\/users\/9"}],"replies":[{"embeddable":true,"href":"https:\/\/prolift.ee\/fi\/wp-json\/wp\/v2\/comments?post=23131"}],"version-history":[{"count":2,"href":"https:\/\/prolift.ee\/fi\/wp-json\/wp\/v2\/posts\/23131\/revisions"}],"predecessor-version":[{"id":23476,"href":"https:\/\/prolift.ee\/fi\/wp-json\/wp\/v2\/posts\/23131\/revisions\/23476"}],"wp:featuredmedia":[{"embeddable":true,"href":"https:\/\/prolift.ee\/fi\/wp-json\/wp\/v2\/media\/23110"}],"wp:attachment":[{"href":"https:\/\/prolift.ee\/fi\/wp-json\/wp\/v2\/media?parent=23131"}],"wp:term":[{"taxonomy":"category","embeddable":true,"href":"https:\/\/prolift.ee\/fi\/wp-json\/wp\/v2\/categories?post=23131"},{"taxonomy":"post_tag","embeddable":true,"href":"https:\/\/prolift.ee\/fi\/wp-json\/wp\/v2\/tags?post=23131"}],"curies":[{"name":"wp","href":"https:\/\/api.w.org\/{rel}","templated":true}]}}