{"id":30057,"date":"2024-05-03T12:04:00","date_gmt":"2024-05-03T09:04:00","guid":{"rendered":"https:\/\/prolift.ee\/stekkor-transport-lifting-capacity\/"},"modified":"2024-09-09T14:43:20","modified_gmt":"2024-09-09T11:43:20","slug":"stekkor-transport-lifting-capacity","status":"publish","type":"post","link":"https:\/\/prolift.ee\/en\/stekkor-transport-lifting-capacity\/","title":{"rendered":"Stekkor Transport O\u00dc added lifting capacity"},"content":{"rendered":"\t\t<div data-elementor-type=\"wp-post\" data-elementor-id=\"30057\" class=\"elementor elementor-30057 elementor-29843\" data-elementor-post-type=\"post\">\n\t\t\t\t\t\t<section class=\"elementor-section elementor-top-section elementor-element elementor-element-198839c elementor-section-boxed elementor-section-height-default elementor-section-height-default\" data-id=\"198839c\" data-element_type=\"section\" data-e-type=\"section\">\n\t\t\t\t\t\t<div class=\"elementor-container elementor-column-gap-default\">\n\t\t\t\t\t<div class=\"elementor-column elementor-col-100 elementor-top-column elementor-element elementor-element-212f162\" data-id=\"212f162\" data-element_type=\"column\" data-e-type=\"column\">\n\t\t\t<div class=\"elementor-widget-wrap elementor-element-populated\">\n\t\t\t\t\t\t<div class=\"elementor-element elementor-element-83c3de3 elementor-widget elementor-widget-text-editor\" data-id=\"83c3de3\" data-element_type=\"widget\" data-e-type=\"widget\" data-widget_type=\"text-editor.default\">\n\t\t\t\t<div class=\"elementor-widget-container\">\n\t\t\t\t\t\t\t\t\t<h3><b>We equipped Stekkor Transport O\u00dc&#8217;s new Volvo FH truck with a powerful superstructure in Pro Lift O\u00dc&#8217;s workshop.<\/b><\/h3>\n<p><a href=\"https:\/\/kraanaauto.ee\" target=\"_blank\" rel=\"noopener\">Stekkor Transport<\/a> offers lifting and haulage services and also rents cranes and lifting equipment. We equipped their new Volvo FH truck with the following: <\/p>\n<ul>\n<li><a href=\"https:\/\/prolift.ee\/en\/fassi-gru-s-p-a\/\" target=\"_blank\" rel=\"noopener\"><b>The crane Fassi F820RA.2.26 + JIB 516 a6+<\/b><\/a>1 with a hydraulic outreach of 28.1 metres and a manual outreach of 30.1 metres. The crane is 100% remote-controlled and integrated with Fassi&#8217;s patented Internet of Cranes\u00ae (IoC) system, which allows operators to rely on continuous support, optimising maintenance time and costs. <\/li>\n<li>To ensure stability, we added an additional <strong>front outrigger<\/strong> and <strong>additional<\/strong> <strong>rear outriggers<\/strong>.<\/li>\n<li><strong>Toolboxes<\/strong> ensure that all the tools you need are always to hand.<\/li>\n<li>We also fitted the truck with an<b> extendable (1700 mm) platform<\/b> with post lift supports, universal sockets for sea container locks and support posts, which can be easily stowed in storage positions if required.<\/li>\n<\/ul>\n\t\t\t\t\t\t\t\t<\/div>\n\t\t\t\t<\/div>\n\t\t\t\t<div class=\"elementor-element elementor-element-0a36842 elementor-widget elementor-widget-image-gallery\" data-id=\"0a36842\" data-element_type=\"widget\" data-e-type=\"widget\" data-widget_type=\"image-gallery.default\">\n\t\t\t\t<div class=\"elementor-widget-container\">\n\t\t\t\t\t\t\t<div class=\"elementor-image-gallery\">\n\t\t\t\n<a data-elementor-open-lightbox=\"yes\" data-elementor-lightbox-slideshow=\"0a36842\" data-elementor-lightbox-title=\"Stekkor Volvo 202405 (11)\" data-e-action-hash=\"#elementor-action%3Aaction%3Dlightbox%26settings%3DeyJpZCI6Mjk5ODksInVybCI6Imh0dHBzOlwvXC9wcm9saWZ0LmVlXC93cC1jb250ZW50XC91cGxvYWRzXC8yMDI0XC8wOFwvU3Rla2tvci1Wb2x2by0yMDI0MDUtMTEtMS5wbmciLCJzbGlkZXNob3ciOiIwYTM2ODQyIn0%3D\" href='https:\/\/prolift.ee\/wp-content\/uploads\/2024\/08\/Stekkor-Volvo-202405-11-1.png'><img fetchpriority=\"high\" decoding=\"async\" width=\"550\" height=\"550\" src=\"https:\/\/prolift.ee\/wp-content\/uploads\/2024\/08\/Stekkor-Volvo-202405-11-1-550x550.png\" class=\"attachment-medium size-medium\" alt=\"\" srcset=\"https:\/\/prolift.ee\/wp-content\/uploads\/2024\/08\/Stekkor-Volvo-202405-11-1-550x550.png 550w, https:\/\/prolift.ee\/wp-content\/uploads\/2024\/08\/Stekkor-Volvo-202405-11-1-1024x1024.png 1024w, https:\/\/prolift.ee\/wp-content\/uploads\/2024\/08\/Stekkor-Volvo-202405-11-1-150x150.png 150w, https:\/\/prolift.ee\/wp-content\/uploads\/2024\/08\/Stekkor-Volvo-202405-11-1-768x768.png 768w, https:\/\/prolift.ee\/wp-content\/uploads\/2024\/08\/Stekkor-Volvo-202405-11-1-700x700.png 700w, https:\/\/prolift.ee\/wp-content\/uploads\/2024\/08\/Stekkor-Volvo-202405-11-1.png 1225w\" sizes=\"(max-width: 550px) 100vw, 550px\" \/><\/a>\n<a data-elementor-open-lightbox=\"yes\" data-elementor-lightbox-slideshow=\"0a36842\" data-elementor-lightbox-title=\"Stekkor Volvo 202405 (10)\" data-e-action-hash=\"#elementor-action%3Aaction%3Dlightbox%26settings%3DeyJpZCI6Mjk5NzksInVybCI6Imh0dHBzOlwvXC9wcm9saWZ0LmVlXC93cC1jb250ZW50XC91cGxvYWRzXC8yMDI0XC8wOFwvU3Rla2tvci1Wb2x2by0yMDI0MDUtMTAtMS5wbmciLCJzbGlkZXNob3ciOiIwYTM2ODQyIn0%3D\" href='https:\/\/prolift.ee\/wp-content\/uploads\/2024\/08\/Stekkor-Volvo-202405-10-1.png'><img decoding=\"async\" width=\"550\" height=\"550\" src=\"https:\/\/prolift.ee\/wp-content\/uploads\/2024\/08\/Stekkor-Volvo-202405-10-1-550x550.png\" class=\"attachment-medium size-medium\" alt=\"\" srcset=\"https:\/\/prolift.ee\/wp-content\/uploads\/2024\/08\/Stekkor-Volvo-202405-10-1-550x550.png 550w, https:\/\/prolift.ee\/wp-content\/uploads\/2024\/08\/Stekkor-Volvo-202405-10-1-1024x1024.png 1024w, https:\/\/prolift.ee\/wp-content\/uploads\/2024\/08\/Stekkor-Volvo-202405-10-1-150x150.png 150w, https:\/\/prolift.ee\/wp-content\/uploads\/2024\/08\/Stekkor-Volvo-202405-10-1-768x768.png 768w, https:\/\/prolift.ee\/wp-content\/uploads\/2024\/08\/Stekkor-Volvo-202405-10-1-700x700.png 700w, https:\/\/prolift.ee\/wp-content\/uploads\/2024\/08\/Stekkor-Volvo-202405-10-1.png 1225w\" sizes=\"(max-width: 550px) 100vw, 550px\" \/><\/a>\n<a data-elementor-open-lightbox=\"yes\" data-elementor-lightbox-slideshow=\"0a36842\" data-elementor-lightbox-title=\"Stekkor Volvo 202405 (6)\" data-e-action-hash=\"#elementor-action%3Aaction%3Dlightbox%26settings%3DeyJpZCI6Mjk5NTksInVybCI6Imh0dHBzOlwvXC9wcm9saWZ0LmVlXC93cC1jb250ZW50XC91cGxvYWRzXC8yMDI0XC8wOFwvU3Rla2tvci1Wb2x2by0yMDI0MDUtNi0xLnBuZyIsInNsaWRlc2hvdyI6IjBhMzY4NDIifQ%3D%3D\" href='https:\/\/prolift.ee\/wp-content\/uploads\/2024\/08\/Stekkor-Volvo-202405-6-1.png'><img decoding=\"async\" width=\"550\" height=\"550\" src=\"https:\/\/prolift.ee\/wp-content\/uploads\/2024\/08\/Stekkor-Volvo-202405-6-1-550x550.png\" class=\"attachment-medium size-medium\" alt=\"\" srcset=\"https:\/\/prolift.ee\/wp-content\/uploads\/2024\/08\/Stekkor-Volvo-202405-6-1-550x550.png 550w, https:\/\/prolift.ee\/wp-content\/uploads\/2024\/08\/Stekkor-Volvo-202405-6-1-1024x1024.png 1024w, https:\/\/prolift.ee\/wp-content\/uploads\/2024\/08\/Stekkor-Volvo-202405-6-1-150x150.png 150w, https:\/\/prolift.ee\/wp-content\/uploads\/2024\/08\/Stekkor-Volvo-202405-6-1-768x768.png 768w, https:\/\/prolift.ee\/wp-content\/uploads\/2024\/08\/Stekkor-Volvo-202405-6-1-700x700.png 700w, https:\/\/prolift.ee\/wp-content\/uploads\/2024\/08\/Stekkor-Volvo-202405-6-1.png 1225w\" sizes=\"(max-width: 550px) 100vw, 550px\" \/><\/a>\n<a data-elementor-open-lightbox=\"yes\" data-elementor-lightbox-slideshow=\"0a36842\" data-elementor-lightbox-title=\"Stekkor Volvo 202405 (5)\" data-e-action-hash=\"#elementor-action%3Aaction%3Dlightbox%26settings%3DeyJpZCI6Mjk5NTQsInVybCI6Imh0dHBzOlwvXC9wcm9saWZ0LmVlXC93cC1jb250ZW50XC91cGxvYWRzXC8yMDI0XC8wOFwvU3Rla2tvci1Wb2x2by0yMDI0MDUtNS0xLnBuZyIsInNsaWRlc2hvdyI6IjBhMzY4NDIifQ%3D%3D\" href='https:\/\/prolift.ee\/wp-content\/uploads\/2024\/08\/Stekkor-Volvo-202405-5-1.png'><img loading=\"lazy\" decoding=\"async\" width=\"550\" height=\"550\" src=\"https:\/\/prolift.ee\/wp-content\/uploads\/2024\/08\/Stekkor-Volvo-202405-5-1-550x550.png\" class=\"attachment-medium size-medium\" alt=\"\" srcset=\"https:\/\/prolift.ee\/wp-content\/uploads\/2024\/08\/Stekkor-Volvo-202405-5-1-550x550.png 550w, https:\/\/prolift.ee\/wp-content\/uploads\/2024\/08\/Stekkor-Volvo-202405-5-1-1024x1024.png 1024w, https:\/\/prolift.ee\/wp-content\/uploads\/2024\/08\/Stekkor-Volvo-202405-5-1-150x150.png 150w, https:\/\/prolift.ee\/wp-content\/uploads\/2024\/08\/Stekkor-Volvo-202405-5-1-768x768.png 768w, https:\/\/prolift.ee\/wp-content\/uploads\/2024\/08\/Stekkor-Volvo-202405-5-1-700x700.png 700w, https:\/\/prolift.ee\/wp-content\/uploads\/2024\/08\/Stekkor-Volvo-202405-5-1.png 1225w\" sizes=\"(max-width: 550px) 100vw, 550px\" \/><\/a>\n<a data-elementor-open-lightbox=\"yes\" data-elementor-lightbox-slideshow=\"0a36842\" data-elementor-lightbox-title=\"Stekkor Volvo 202405 (3)\" data-e-action-hash=\"#elementor-action%3Aaction%3Dlightbox%26settings%3DeyJpZCI6Mjk5NDQsInVybCI6Imh0dHBzOlwvXC9wcm9saWZ0LmVlXC93cC1jb250ZW50XC91cGxvYWRzXC8yMDI0XC8wOFwvU3Rla2tvci1Wb2x2by0yMDI0MDUtMy0xLnBuZyIsInNsaWRlc2hvdyI6IjBhMzY4NDIifQ%3D%3D\" href='https:\/\/prolift.ee\/wp-content\/uploads\/2024\/08\/Stekkor-Volvo-202405-3-1.png'><img loading=\"lazy\" decoding=\"async\" width=\"550\" height=\"550\" src=\"https:\/\/prolift.ee\/wp-content\/uploads\/2024\/08\/Stekkor-Volvo-202405-3-1-550x550.png\" class=\"attachment-medium size-medium\" alt=\"\" srcset=\"https:\/\/prolift.ee\/wp-content\/uploads\/2024\/08\/Stekkor-Volvo-202405-3-1-550x550.png 550w, https:\/\/prolift.ee\/wp-content\/uploads\/2024\/08\/Stekkor-Volvo-202405-3-1-1024x1024.png 1024w, https:\/\/prolift.ee\/wp-content\/uploads\/2024\/08\/Stekkor-Volvo-202405-3-1-150x150.png 150w, https:\/\/prolift.ee\/wp-content\/uploads\/2024\/08\/Stekkor-Volvo-202405-3-1-768x768.png 768w, https:\/\/prolift.ee\/wp-content\/uploads\/2024\/08\/Stekkor-Volvo-202405-3-1-700x700.png 700w, https:\/\/prolift.ee\/wp-content\/uploads\/2024\/08\/Stekkor-Volvo-202405-3-1.png 1225w\" sizes=\"(max-width: 550px) 100vw, 550px\" \/><\/a>\n<a data-elementor-open-lightbox=\"yes\" data-elementor-lightbox-slideshow=\"0a36842\" data-elementor-lightbox-title=\"Stekkor Volvo 202405\" data-e-action-hash=\"#elementor-action%3Aaction%3Dlightbox%26settings%3DeyJpZCI6Mjk5MzQsInVybCI6Imh0dHBzOlwvXC9wcm9saWZ0LmVlXC93cC1jb250ZW50XC91cGxvYWRzXC8yMDI0XC8wOFwvU3Rla2tvci1Wb2x2by0yMDI0MDUtMS5wbmciLCJzbGlkZXNob3ciOiIwYTM2ODQyIn0%3D\" href='https:\/\/prolift.ee\/wp-content\/uploads\/2024\/08\/Stekkor-Volvo-202405-1.png'><img loading=\"lazy\" decoding=\"async\" width=\"550\" height=\"550\" src=\"https:\/\/prolift.ee\/wp-content\/uploads\/2024\/08\/Stekkor-Volvo-202405-1-550x550.png\" class=\"attachment-medium size-medium\" alt=\"\" srcset=\"https:\/\/prolift.ee\/wp-content\/uploads\/2024\/08\/Stekkor-Volvo-202405-1-550x550.png 550w, https:\/\/prolift.ee\/wp-content\/uploads\/2024\/08\/Stekkor-Volvo-202405-1-1024x1024.png 1024w, https:\/\/prolift.ee\/wp-content\/uploads\/2024\/08\/Stekkor-Volvo-202405-1-150x150.png 150w, https:\/\/prolift.ee\/wp-content\/uploads\/2024\/08\/Stekkor-Volvo-202405-1-768x768.png 768w, https:\/\/prolift.ee\/wp-content\/uploads\/2024\/08\/Stekkor-Volvo-202405-1-700x700.png 700w, https:\/\/prolift.ee\/wp-content\/uploads\/2024\/08\/Stekkor-Volvo-202405-1.png 1225w\" sizes=\"(max-width: 550px) 100vw, 550px\" \/><\/a>\n<a data-elementor-open-lightbox=\"yes\" data-elementor-lightbox-slideshow=\"0a36842\" data-elementor-lightbox-title=\"Stekkor Volvo 202405 (8)\" data-e-action-hash=\"#elementor-action%3Aaction%3Dlightbox%26settings%3DeyJpZCI6Mjk5NjksInVybCI6Imh0dHBzOlwvXC9wcm9saWZ0LmVlXC93cC1jb250ZW50XC91cGxvYWRzXC8yMDI0XC8wOFwvU3Rla2tvci1Wb2x2by0yMDI0MDUtOC0xLnBuZyIsInNsaWRlc2hvdyI6IjBhMzY4NDIifQ%3D%3D\" href='https:\/\/prolift.ee\/wp-content\/uploads\/2024\/08\/Stekkor-Volvo-202405-8-1.png'><img loading=\"lazy\" decoding=\"async\" width=\"550\" height=\"550\" src=\"https:\/\/prolift.ee\/wp-content\/uploads\/2024\/08\/Stekkor-Volvo-202405-8-1-550x550.png\" class=\"attachment-medium size-medium\" alt=\"\" srcset=\"https:\/\/prolift.ee\/wp-content\/uploads\/2024\/08\/Stekkor-Volvo-202405-8-1-550x550.png 550w, https:\/\/prolift.ee\/wp-content\/uploads\/2024\/08\/Stekkor-Volvo-202405-8-1-1024x1024.png 1024w, https:\/\/prolift.ee\/wp-content\/uploads\/2024\/08\/Stekkor-Volvo-202405-8-1-150x150.png 150w, https:\/\/prolift.ee\/wp-content\/uploads\/2024\/08\/Stekkor-Volvo-202405-8-1-768x768.png 768w, https:\/\/prolift.ee\/wp-content\/uploads\/2024\/08\/Stekkor-Volvo-202405-8-1-700x700.png 700w, https:\/\/prolift.ee\/wp-content\/uploads\/2024\/08\/Stekkor-Volvo-202405-8-1.png 1225w\" sizes=\"(max-width: 550px) 100vw, 550px\" \/><\/a>\n<a data-elementor-open-lightbox=\"yes\" data-elementor-lightbox-slideshow=\"0a36842\" data-elementor-lightbox-title=\"Stekkor Volvo 202405 (4)\" data-e-action-hash=\"#elementor-action%3Aaction%3Dlightbox%26settings%3DeyJpZCI6Mjk5NDksInVybCI6Imh0dHBzOlwvXC9wcm9saWZ0LmVlXC93cC1jb250ZW50XC91cGxvYWRzXC8yMDI0XC8wOFwvU3Rla2tvci1Wb2x2by0yMDI0MDUtNC0xLnBuZyIsInNsaWRlc2hvdyI6IjBhMzY4NDIifQ%3D%3D\" href='https:\/\/prolift.ee\/wp-content\/uploads\/2024\/08\/Stekkor-Volvo-202405-4-1.png'><img loading=\"lazy\" decoding=\"async\" width=\"550\" height=\"550\" src=\"https:\/\/prolift.ee\/wp-content\/uploads\/2024\/08\/Stekkor-Volvo-202405-4-1-550x550.png\" class=\"attachment-medium size-medium\" alt=\"\" srcset=\"https:\/\/prolift.ee\/wp-content\/uploads\/2024\/08\/Stekkor-Volvo-202405-4-1-550x550.png 550w, https:\/\/prolift.ee\/wp-content\/uploads\/2024\/08\/Stekkor-Volvo-202405-4-1-1024x1024.png 1024w, https:\/\/prolift.ee\/wp-content\/uploads\/2024\/08\/Stekkor-Volvo-202405-4-1-150x150.png 150w, https:\/\/prolift.ee\/wp-content\/uploads\/2024\/08\/Stekkor-Volvo-202405-4-1-768x768.png 768w, https:\/\/prolift.ee\/wp-content\/uploads\/2024\/08\/Stekkor-Volvo-202405-4-1-700x700.png 700w, https:\/\/prolift.ee\/wp-content\/uploads\/2024\/08\/Stekkor-Volvo-202405-4-1.png 1225w\" sizes=\"(max-width: 550px) 100vw, 550px\" \/><\/a>\n\t\t<\/div>\n\t\t\t\t\t\t<\/div>\n\t\t\t\t<\/div>\n\t\t\t\t<div class=\"elementor-element elementor-element-5554345 elementor-widget elementor-widget-text-editor\" data-id=\"5554345\" data-element_type=\"widget\" data-e-type=\"widget\" data-widget_type=\"text-editor.default\">\n\t\t\t\t<div class=\"elementor-widget-container\">\n\t\t\t\t\t\t\t\t\t<p>The <a href=\"https:\/\/www.volvotrucks.ee\/et-ee\/trucks\/models\/volvo-fh.html\" target=\"_blank\" rel=\"noopener\">Volvo FH<\/a> undercarriage was supplied by<a href=\"https:\/\/www.volvotrucks.ee\/et-ee\/\" target=\"_blank\" rel=\"noopener\"> Volvo Estonia O\u00dc<\/a>.<\/p>\n<p>If you have any questions, please contact <a href=\"&#x6d;&#x61;&#105;&#108;to&#x3a;&#x69;&#x6e;&#102;o&#64;&#x70;&#x72;&#x6f;&#108;&#105;f&#x74;&#x2e;&#x65;&#101;\">&#x69;&#110;&#x66;&#x6f;&#64;&#x70;&#x72;&#111;&#x6c;&#x69;&#102;&#x74;&#x2e;e&#x65;<\/a><\/p>\n\t\t\t\t\t\t\t\t<\/div>\n\t\t\t\t<\/div>\n\t\t\t\t\t<\/div>\n\t\t<\/div>\n\t\t\t\t\t<\/div>\n\t\t<\/section>\n\t\t\t\t<\/div>\n\t\t","protected":false},"excerpt":{"rendered":"<p>We equipped Stekkor Transport O\u00dc&#8217;s new Volvo FH truck with a powerful superstructure in Pro Lift O\u00dc&#8217;s workshop.<\/p>\n","protected":false},"author":9,"featured_media":29964,"comment_status":"closed","ping_status":"closed","sticky":false,"template":"","format":"standard","meta":{"footnotes":""},"categories":[745,661,589,585,606,737,688,590,429,656,728,646,587,764,586,642],"tags":[],"class_list":["post-30057","post","type-post","status-publish","format-standard","has-post-thumbnail","hentry","category-completed-jobs","category-crane","category-fassi-en","category-field-of-activity","category-fifth-wheel-hydraulics","category-freight-transport","category-hydro-leduc-en","category-lifting-and-loading-operations","category-news","category-platvorm","category-scanreco-en","category-superstructure-en-2","category-superstructure-brand","category-toolbox","category-undercarriage","category-volvo-en"],"yoast_head":"<!-- This site is optimized with the Yoast SEO plugin v27.3 - https:\/\/yoast.com\/product\/yoast-seo-wordpress\/ -->\n<title>Stekkor Transport O\u00dc added lifting capacity - Pro Lift O\u00dc<\/title>\n<meta name=\"description\" content=\"We equipped Stekkor Transport O\u00dc&#039;s new Volvo FH truck with a powerful superstructure in Pro Lift O\u00dc&#039;s workshop.\" \/>\n<meta name=\"robots\" content=\"index, follow, max-snippet:-1, max-image-preview:large, max-video-preview:-1\" \/>\n<link rel=\"canonical\" href=\"https:\/\/prolift.ee\/en\/stekkor-transport-lifting-capacity\/\" \/>\n<meta property=\"og:locale\" content=\"en_US\" \/>\n<meta property=\"og:type\" content=\"article\" \/>\n<meta property=\"og:title\" content=\"Stekkor Transport O\u00dc added lifting capacity\" \/>\n<meta property=\"og:description\" content=\"We equipped Stekkor Transport O\u00dc&#039;s new Volvo FH truck with a powerful superstructure in Pro Lift O\u00dc&#039;s workshop.\" \/>\n<meta property=\"og:url\" content=\"https:\/\/prolift.ee\/en\/stekkor-transport-lifting-capacity\/\" \/>\n<meta property=\"og:site_name\" content=\"Pro Lift O\u00dc\" \/>\n<meta property=\"article:publisher\" content=\"https:\/\/www.facebook.com\/proliftou\" \/>\n<meta property=\"article:published_time\" content=\"2024-05-03T09:04:00+00:00\" \/>\n<meta property=\"article:modified_time\" content=\"2024-09-09T11:43:20+00:00\" \/>\n<meta property=\"og:image\" content=\"https:\/\/prolift.ee\/wp-content\/uploads\/2024\/08\/Stekkor-Volvo-202405-7-1-550x550.png\" \/>\n<meta name=\"author\" content=\"Raili Riiberg\" \/>\n<meta name=\"twitter:card\" content=\"summary_large_image\" \/>\n<meta name=\"twitter:title\" content=\"Stekkor Transport O\u00dc added lifting capacity\" \/>\n<meta name=\"twitter:description\" content=\"We equipped Stekkor Transport O\u00dc&#039;s new Volvo FH truck with a powerful superstructure in Pro Lift O\u00dc&#039;s workshop.\" \/>\n<meta name=\"twitter:image\" content=\"https:\/\/prolift.ee\/wp-content\/uploads\/2024\/08\/Stekkor-Volvo-202405-7-1-550x550.png\" \/>\n<meta name=\"twitter:label1\" content=\"Written by\" \/>\n\t<meta name=\"twitter:data1\" content=\"Raili Riiberg\" \/>\n\t<meta name=\"twitter:label2\" content=\"Est. reading time\" \/>\n\t<meta name=\"twitter:data2\" content=\"3 minutes\" \/>\n<script type=\"application\/ld+json\" class=\"yoast-schema-graph\">{\"@context\":\"https:\\\/\\\/schema.org\",\"@graph\":[{\"@type\":\"Article\",\"@id\":\"https:\\\/\\\/prolift.ee\\\/en\\\/stekkor-transport-lifting-capacity\\\/#article\",\"isPartOf\":{\"@id\":\"https:\\\/\\\/prolift.ee\\\/en\\\/stekkor-transport-lifting-capacity\\\/\"},\"author\":{\"name\":\"Raili Riiberg\",\"@id\":\"https:\\\/\\\/prolift.ee\\\/en\\\/#\\\/schema\\\/person\\\/699fa44bc6c24a1f12c6c174e129495f\"},\"headline\":\"Stekkor Transport O\u00dc added lifting capacity\",\"datePublished\":\"2024-05-03T09:04:00+00:00\",\"dateModified\":\"2024-09-09T11:43:20+00:00\",\"mainEntityOfPage\":{\"@id\":\"https:\\\/\\\/prolift.ee\\\/en\\\/stekkor-transport-lifting-capacity\\\/\"},\"wordCount\":175,\"publisher\":{\"@id\":\"https:\\\/\\\/prolift.ee\\\/en\\\/#organization\"},\"image\":{\"@id\":\"https:\\\/\\\/prolift.ee\\\/en\\\/stekkor-transport-lifting-capacity\\\/#primaryimage\"},\"thumbnailUrl\":\"https:\\\/\\\/prolift.ee\\\/wp-content\\\/uploads\\\/2024\\\/08\\\/Stekkor-Volvo-202405-7-1.png\",\"articleSection\":[\"Completed jobs\",\"Crane\",\"Fassi\",\"Field of activity\",\"Fifth wheel hydraulics\",\"Freight transport\",\"Hydro Leduc\",\"Lifting and loading operations\",\"News\",\"Platvorm\",\"Scanreco\",\"Superstructure\",\"Superstructure brand\",\"Toolbox\",\"Undercarriage\",\"Volvo\"],\"inLanguage\":\"en-US\"},{\"@type\":\"WebPage\",\"@id\":\"https:\\\/\\\/prolift.ee\\\/en\\\/stekkor-transport-lifting-capacity\\\/\",\"url\":\"https:\\\/\\\/prolift.ee\\\/en\\\/stekkor-transport-lifting-capacity\\\/\",\"name\":\"Stekkor Transport O\u00dc added lifting capacity - Pro Lift O\u00dc\",\"isPartOf\":{\"@id\":\"https:\\\/\\\/prolift.ee\\\/en\\\/#website\"},\"primaryImageOfPage\":{\"@id\":\"https:\\\/\\\/prolift.ee\\\/en\\\/stekkor-transport-lifting-capacity\\\/#primaryimage\"},\"image\":{\"@id\":\"https:\\\/\\\/prolift.ee\\\/en\\\/stekkor-transport-lifting-capacity\\\/#primaryimage\"},\"thumbnailUrl\":\"https:\\\/\\\/prolift.ee\\\/wp-content\\\/uploads\\\/2024\\\/08\\\/Stekkor-Volvo-202405-7-1.png\",\"datePublished\":\"2024-05-03T09:04:00+00:00\",\"dateModified\":\"2024-09-09T11:43:20+00:00\",\"description\":\"We equipped Stekkor Transport O\u00dc's new Volvo FH truck with a powerful superstructure in Pro Lift O\u00dc's workshop.\",\"breadcrumb\":{\"@id\":\"https:\\\/\\\/prolift.ee\\\/en\\\/stekkor-transport-lifting-capacity\\\/#breadcrumb\"},\"inLanguage\":\"en-US\",\"potentialAction\":[{\"@type\":\"ReadAction\",\"target\":[\"https:\\\/\\\/prolift.ee\\\/en\\\/stekkor-transport-lifting-capacity\\\/\"]}]},{\"@type\":\"ImageObject\",\"inLanguage\":\"en-US\",\"@id\":\"https:\\\/\\\/prolift.ee\\\/en\\\/stekkor-transport-lifting-capacity\\\/#primaryimage\",\"url\":\"https:\\\/\\\/prolift.ee\\\/wp-content\\\/uploads\\\/2024\\\/08\\\/Stekkor-Volvo-202405-7-1.png\",\"contentUrl\":\"https:\\\/\\\/prolift.ee\\\/wp-content\\\/uploads\\\/2024\\\/08\\\/Stekkor-Volvo-202405-7-1.png\",\"width\":1225,\"height\":1225},{\"@type\":\"BreadcrumbList\",\"@id\":\"https:\\\/\\\/prolift.ee\\\/en\\\/stekkor-transport-lifting-capacity\\\/#breadcrumb\",\"itemListElement\":[{\"@type\":\"ListItem\",\"position\":1,\"name\":\"Home\",\"item\":\"https:\\\/\\\/prolift.ee\\\/en\\\/homepage\\\/\"},{\"@type\":\"ListItem\",\"position\":2,\"name\":\"Stekkor Transport O\u00dc added lifting capacity\"}]},{\"@type\":\"WebSite\",\"@id\":\"https:\\\/\\\/prolift.ee\\\/en\\\/#website\",\"url\":\"https:\\\/\\\/prolift.ee\\\/en\\\/\",\"name\":\"Pro Lift O\u00dc\",\"description\":\"Pealisehituse valmislahendused\",\"publisher\":{\"@id\":\"https:\\\/\\\/prolift.ee\\\/en\\\/#organization\"},\"potentialAction\":[{\"@type\":\"SearchAction\",\"target\":{\"@type\":\"EntryPoint\",\"urlTemplate\":\"https:\\\/\\\/prolift.ee\\\/en\\\/?s={search_term_string}\"},\"query-input\":{\"@type\":\"PropertyValueSpecification\",\"valueRequired\":true,\"valueName\":\"search_term_string\"}}],\"inLanguage\":\"en-US\"},{\"@type\":\"Organization\",\"@id\":\"https:\\\/\\\/prolift.ee\\\/en\\\/#organization\",\"name\":\"Pro Lift O\u00dc\",\"url\":\"https:\\\/\\\/prolift.ee\\\/en\\\/\",\"logo\":{\"@type\":\"ImageObject\",\"inLanguage\":\"en-US\",\"@id\":\"https:\\\/\\\/prolift.ee\\\/en\\\/#\\\/schema\\\/logo\\\/image\\\/\",\"url\":\"https:\\\/\\\/prolift.ee\\\/wp-content\\\/uploads\\\/2021\\\/07\\\/Logo_Full_Color.svg\",\"contentUrl\":\"https:\\\/\\\/prolift.ee\\\/wp-content\\\/uploads\\\/2021\\\/07\\\/Logo_Full_Color.svg\",\"width\":1,\"height\":1,\"caption\":\"Pro Lift O\u00dc\"},\"image\":{\"@id\":\"https:\\\/\\\/prolift.ee\\\/en\\\/#\\\/schema\\\/logo\\\/image\\\/\"},\"sameAs\":[\"https:\\\/\\\/www.facebook.com\\\/proliftou\",\"https:\\\/\\\/www.instagram.com\\\/proliftou\\\/\",\"https:\\\/\\\/www.linkedin.com\\\/company\\\/prolift\\\/\"]},{\"@type\":\"Person\",\"@id\":\"https:\\\/\\\/prolift.ee\\\/en\\\/#\\\/schema\\\/person\\\/699fa44bc6c24a1f12c6c174e129495f\",\"name\":\"Raili Riiberg\",\"image\":{\"@type\":\"ImageObject\",\"inLanguage\":\"en-US\",\"@id\":\"https:\\\/\\\/secure.gravatar.com\\\/avatar\\\/c53ae419ae3ada96b7c05e78c9150182144d11f5b50d2fff47c860fb6b4e745b?s=96&d=mm&r=g\",\"url\":\"https:\\\/\\\/secure.gravatar.com\\\/avatar\\\/c53ae419ae3ada96b7c05e78c9150182144d11f5b50d2fff47c860fb6b4e745b?s=96&d=mm&r=g\",\"contentUrl\":\"https:\\\/\\\/secure.gravatar.com\\\/avatar\\\/c53ae419ae3ada96b7c05e78c9150182144d11f5b50d2fff47c860fb6b4e745b?s=96&d=mm&r=g\",\"caption\":\"Raili Riiberg\"},\"sameAs\":[\"https:\\\/\\\/prolift.ee\\\/\"]}]}<\/script>\n<!-- \/ Yoast SEO plugin. -->","yoast_head_json":{"title":"Stekkor Transport O\u00dc added lifting capacity - Pro Lift O\u00dc","description":"We equipped Stekkor Transport O\u00dc's new Volvo FH truck with a powerful superstructure in Pro Lift O\u00dc's workshop.","robots":{"index":"index","follow":"follow","max-snippet":"max-snippet:-1","max-image-preview":"max-image-preview:large","max-video-preview":"max-video-preview:-1"},"canonical":"https:\/\/prolift.ee\/en\/stekkor-transport-lifting-capacity\/","og_locale":"en_US","og_type":"article","og_title":"Stekkor Transport O\u00dc added lifting capacity","og_description":"We equipped Stekkor Transport O\u00dc's new Volvo FH truck with a powerful superstructure in Pro Lift O\u00dc's workshop.","og_url":"https:\/\/prolift.ee\/en\/stekkor-transport-lifting-capacity\/","og_site_name":"Pro Lift O\u00dc","article_publisher":"https:\/\/www.facebook.com\/proliftou","article_published_time":"2024-05-03T09:04:00+00:00","article_modified_time":"2024-09-09T11:43:20+00:00","og_image":[{"url":"https:\/\/prolift.ee\/wp-content\/uploads\/2024\/08\/Stekkor-Volvo-202405-7-1-550x550.png","type":"","width":"","height":""}],"author":"Raili Riiberg","twitter_card":"summary_large_image","twitter_title":"Stekkor Transport O\u00dc added lifting capacity","twitter_description":"We equipped Stekkor Transport O\u00dc's new Volvo FH truck with a powerful superstructure in Pro Lift O\u00dc's workshop.","twitter_image":"https:\/\/prolift.ee\/wp-content\/uploads\/2024\/08\/Stekkor-Volvo-202405-7-1-550x550.png","twitter_misc":{"Written by":"Raili Riiberg","Est. reading time":"3 minutes"},"schema":{"@context":"https:\/\/schema.org","@graph":[{"@type":"Article","@id":"https:\/\/prolift.ee\/en\/stekkor-transport-lifting-capacity\/#article","isPartOf":{"@id":"https:\/\/prolift.ee\/en\/stekkor-transport-lifting-capacity\/"},"author":{"name":"Raili Riiberg","@id":"https:\/\/prolift.ee\/en\/#\/schema\/person\/699fa44bc6c24a1f12c6c174e129495f"},"headline":"Stekkor Transport O\u00dc added lifting capacity","datePublished":"2024-05-03T09:04:00+00:00","dateModified":"2024-09-09T11:43:20+00:00","mainEntityOfPage":{"@id":"https:\/\/prolift.ee\/en\/stekkor-transport-lifting-capacity\/"},"wordCount":175,"publisher":{"@id":"https:\/\/prolift.ee\/en\/#organization"},"image":{"@id":"https:\/\/prolift.ee\/en\/stekkor-transport-lifting-capacity\/#primaryimage"},"thumbnailUrl":"https:\/\/prolift.ee\/wp-content\/uploads\/2024\/08\/Stekkor-Volvo-202405-7-1.png","articleSection":["Completed jobs","Crane","Fassi","Field of activity","Fifth wheel hydraulics","Freight transport","Hydro Leduc","Lifting and loading operations","News","Platvorm","Scanreco","Superstructure","Superstructure brand","Toolbox","Undercarriage","Volvo"],"inLanguage":"en-US"},{"@type":"WebPage","@id":"https:\/\/prolift.ee\/en\/stekkor-transport-lifting-capacity\/","url":"https:\/\/prolift.ee\/en\/stekkor-transport-lifting-capacity\/","name":"Stekkor Transport O\u00dc added lifting capacity - Pro Lift O\u00dc","isPartOf":{"@id":"https:\/\/prolift.ee\/en\/#website"},"primaryImageOfPage":{"@id":"https:\/\/prolift.ee\/en\/stekkor-transport-lifting-capacity\/#primaryimage"},"image":{"@id":"https:\/\/prolift.ee\/en\/stekkor-transport-lifting-capacity\/#primaryimage"},"thumbnailUrl":"https:\/\/prolift.ee\/wp-content\/uploads\/2024\/08\/Stekkor-Volvo-202405-7-1.png","datePublished":"2024-05-03T09:04:00+00:00","dateModified":"2024-09-09T11:43:20+00:00","description":"We equipped Stekkor Transport O\u00dc's new Volvo FH truck with a powerful superstructure in Pro Lift O\u00dc's workshop.","breadcrumb":{"@id":"https:\/\/prolift.ee\/en\/stekkor-transport-lifting-capacity\/#breadcrumb"},"inLanguage":"en-US","potentialAction":[{"@type":"ReadAction","target":["https:\/\/prolift.ee\/en\/stekkor-transport-lifting-capacity\/"]}]},{"@type":"ImageObject","inLanguage":"en-US","@id":"https:\/\/prolift.ee\/en\/stekkor-transport-lifting-capacity\/#primaryimage","url":"https:\/\/prolift.ee\/wp-content\/uploads\/2024\/08\/Stekkor-Volvo-202405-7-1.png","contentUrl":"https:\/\/prolift.ee\/wp-content\/uploads\/2024\/08\/Stekkor-Volvo-202405-7-1.png","width":1225,"height":1225},{"@type":"BreadcrumbList","@id":"https:\/\/prolift.ee\/en\/stekkor-transport-lifting-capacity\/#breadcrumb","itemListElement":[{"@type":"ListItem","position":1,"name":"Home","item":"https:\/\/prolift.ee\/en\/homepage\/"},{"@type":"ListItem","position":2,"name":"Stekkor Transport O\u00dc added lifting capacity"}]},{"@type":"WebSite","@id":"https:\/\/prolift.ee\/en\/#website","url":"https:\/\/prolift.ee\/en\/","name":"Pro Lift O\u00dc","description":"Pealisehituse valmislahendused","publisher":{"@id":"https:\/\/prolift.ee\/en\/#organization"},"potentialAction":[{"@type":"SearchAction","target":{"@type":"EntryPoint","urlTemplate":"https:\/\/prolift.ee\/en\/?s={search_term_string}"},"query-input":{"@type":"PropertyValueSpecification","valueRequired":true,"valueName":"search_term_string"}}],"inLanguage":"en-US"},{"@type":"Organization","@id":"https:\/\/prolift.ee\/en\/#organization","name":"Pro Lift O\u00dc","url":"https:\/\/prolift.ee\/en\/","logo":{"@type":"ImageObject","inLanguage":"en-US","@id":"https:\/\/prolift.ee\/en\/#\/schema\/logo\/image\/","url":"https:\/\/prolift.ee\/wp-content\/uploads\/2021\/07\/Logo_Full_Color.svg","contentUrl":"https:\/\/prolift.ee\/wp-content\/uploads\/2021\/07\/Logo_Full_Color.svg","width":1,"height":1,"caption":"Pro Lift O\u00dc"},"image":{"@id":"https:\/\/prolift.ee\/en\/#\/schema\/logo\/image\/"},"sameAs":["https:\/\/www.facebook.com\/proliftou","https:\/\/www.instagram.com\/proliftou\/","https:\/\/www.linkedin.com\/company\/prolift\/"]},{"@type":"Person","@id":"https:\/\/prolift.ee\/en\/#\/schema\/person\/699fa44bc6c24a1f12c6c174e129495f","name":"Raili Riiberg","image":{"@type":"ImageObject","inLanguage":"en-US","@id":"https:\/\/secure.gravatar.com\/avatar\/c53ae419ae3ada96b7c05e78c9150182144d11f5b50d2fff47c860fb6b4e745b?s=96&d=mm&r=g","url":"https:\/\/secure.gravatar.com\/avatar\/c53ae419ae3ada96b7c05e78c9150182144d11f5b50d2fff47c860fb6b4e745b?s=96&d=mm&r=g","contentUrl":"https:\/\/secure.gravatar.com\/avatar\/c53ae419ae3ada96b7c05e78c9150182144d11f5b50d2fff47c860fb6b4e745b?s=96&d=mm&r=g","caption":"Raili Riiberg"},"sameAs":["https:\/\/prolift.ee\/"]}]}},"_links":{"self":[{"href":"https:\/\/prolift.ee\/en\/wp-json\/wp\/v2\/posts\/30057","targetHints":{"allow":["GET"]}}],"collection":[{"href":"https:\/\/prolift.ee\/en\/wp-json\/wp\/v2\/posts"}],"about":[{"href":"https:\/\/prolift.ee\/en\/wp-json\/wp\/v2\/types\/post"}],"author":[{"embeddable":true,"href":"https:\/\/prolift.ee\/en\/wp-json\/wp\/v2\/users\/9"}],"replies":[{"embeddable":true,"href":"https:\/\/prolift.ee\/en\/wp-json\/wp\/v2\/comments?post=30057"}],"version-history":[{"count":4,"href":"https:\/\/prolift.ee\/en\/wp-json\/wp\/v2\/posts\/30057\/revisions"}],"predecessor-version":[{"id":30235,"href":"https:\/\/prolift.ee\/en\/wp-json\/wp\/v2\/posts\/30057\/revisions\/30235"}],"wp:featuredmedia":[{"embeddable":true,"href":"https:\/\/prolift.ee\/en\/wp-json\/wp\/v2\/media\/29964"}],"wp:attachment":[{"href":"https:\/\/prolift.ee\/en\/wp-json\/wp\/v2\/media?parent=30057"}],"wp:term":[{"taxonomy":"category","embeddable":true,"href":"https:\/\/prolift.ee\/en\/wp-json\/wp\/v2\/categories?post=30057"},{"taxonomy":"post_tag","embeddable":true,"href":"https:\/\/prolift.ee\/en\/wp-json\/wp\/v2\/tags?post=30057"}],"curies":[{"name":"wp","href":"https:\/\/api.w.org\/{rel}","templated":true}]}}