{"id":27463,"date":"2024-03-19T16:37:52","date_gmt":"2024-03-19T14:37:52","guid":{"rendered":"https:\/\/prolift.ee\/iveco-daily-demo-truck-with-fassi-lifting-equipment-for-iv-pluss\/"},"modified":"2024-07-08T13:38:56","modified_gmt":"2024-07-08T10:38:56","slug":"iv-pluss-iveco-daily-demo-fassi","status":"publish","type":"post","link":"https:\/\/prolift.ee\/en\/iv-pluss-iveco-daily-demo-fassi\/","title":{"rendered":"Iveco Daily demo truck with Fassi lifting equipment for Iv Pluss"},"content":{"rendered":"\t\t<div data-elementor-type=\"wp-post\" data-elementor-id=\"27463\" class=\"elementor elementor-27463 elementor-27392\" data-elementor-post-type=\"post\">\n\t\t\t\t\t\t<section class=\"elementor-section elementor-top-section elementor-element elementor-element-6ff0be43 elementor-section-boxed elementor-section-height-default elementor-section-height-default\" data-id=\"6ff0be43\" data-element_type=\"section\" data-e-type=\"section\">\n\t\t\t\t\t\t<div class=\"elementor-container elementor-column-gap-default\">\n\t\t\t\t\t<div class=\"elementor-column elementor-col-100 elementor-top-column elementor-element elementor-element-7d049846\" data-id=\"7d049846\" data-element_type=\"column\" data-e-type=\"column\">\n\t\t\t<div class=\"elementor-widget-wrap elementor-element-populated\">\n\t\t\t\t\t\t<div class=\"elementor-element elementor-element-675fac47 elementor-widget elementor-widget-text-editor\" data-id=\"675fac47\" data-element_type=\"widget\" data-e-type=\"widget\" data-widget_type=\"text-editor.default\">\n\t\t\t\t<div class=\"elementor-widget-container\">\n\t\t\t\t\t\t\t\t\t<h3>We installed a Fassi M.30.A.13 crane, working lights, indicators and a toolbox on demo vehicle Iveco Daily of Iv Pluss AS.<\/h3>\n<h3>The truck is particularly suitable for narrow spaces thanks to its compactness and excellent manoeuvrability.<\/h3>\n<p>The installed crane is part of the <a href=\"https:\/\/prolift.ee\/en\/fassi-gru-s-p-a\/\">Fassi<\/a> &#8220;micro&#8221; series, which means reduced weight, compactness and small dimensions, but also the quality of the Fassi brand, both in construction and details.<\/p>\n<p>In addition, we have installed work lights and indicators, as well as a tool box to make it safe to work and store the necessary tools.<\/p>\n\t\t\t\t\t\t\t\t<\/div>\n\t\t\t\t<\/div>\n\t\t\t\t<div class=\"elementor-element elementor-element-b85d840 elementor-widget elementor-widget-image-gallery\" data-id=\"b85d840\" data-element_type=\"widget\" data-e-type=\"widget\" data-widget_type=\"image-gallery.default\">\n\t\t\t\t<div class=\"elementor-widget-container\">\n\t\t\t\t\t\t\t<div class=\"elementor-image-gallery\">\n\t\t\t\n<a data-elementor-open-lightbox=\"yes\" data-elementor-lightbox-slideshow=\"b85d840\" data-elementor-lightbox-title=\"iveco demo (5)\" data-e-action-hash=\"#elementor-action%3Aaction%3Dlightbox%26settings%3DeyJpZCI6Mjc0MDIsInVybCI6Imh0dHBzOlwvXC9wcm9saWZ0LmVlXC93cC1jb250ZW50XC91cGxvYWRzXC8yMDI0XC8wM1wvaXZlY28tZGVtby01LnBuZyIsInNsaWRlc2hvdyI6ImI4NWQ4NDAifQ%3D%3D\" href='https:\/\/prolift.ee\/wp-content\/uploads\/2024\/03\/iveco-demo-5.png'><img fetchpriority=\"high\" decoding=\"async\" width=\"768\" height=\"768\" src=\"https:\/\/prolift.ee\/wp-content\/uploads\/2024\/03\/iveco-demo-5-768x768.png\" class=\"attachment-medium_large size-medium_large\" alt=\"\" srcset=\"https:\/\/prolift.ee\/wp-content\/uploads\/2024\/03\/iveco-demo-5-768x768.png 768w, https:\/\/prolift.ee\/wp-content\/uploads\/2024\/03\/iveco-demo-5-550x550.png 550w, https:\/\/prolift.ee\/wp-content\/uploads\/2024\/03\/iveco-demo-5-1024x1024.png 1024w, https:\/\/prolift.ee\/wp-content\/uploads\/2024\/03\/iveco-demo-5-150x150.png 150w, https:\/\/prolift.ee\/wp-content\/uploads\/2024\/03\/iveco-demo-5-700x700.png 700w, https:\/\/prolift.ee\/wp-content\/uploads\/2024\/03\/iveco-demo-5.png 1200w\" sizes=\"(max-width: 768px) 100vw, 768px\" \/><\/a>\n<a data-elementor-open-lightbox=\"yes\" data-elementor-lightbox-slideshow=\"b85d840\" data-elementor-lightbox-title=\"iveco demo\" data-e-action-hash=\"#elementor-action%3Aaction%3Dlightbox%26settings%3DeyJpZCI6Mjc0MDcsInVybCI6Imh0dHBzOlwvXC9wcm9saWZ0LmVlXC93cC1jb250ZW50XC91cGxvYWRzXC8yMDI0XC8wM1wvaXZlY28tZGVtby5wbmciLCJzbGlkZXNob3ciOiJiODVkODQwIn0%3D\" href='https:\/\/prolift.ee\/wp-content\/uploads\/2024\/03\/iveco-demo.png'><img decoding=\"async\" width=\"768\" height=\"768\" src=\"https:\/\/prolift.ee\/wp-content\/uploads\/2024\/03\/iveco-demo-768x768.png\" class=\"attachment-medium_large size-medium_large\" alt=\"\" srcset=\"https:\/\/prolift.ee\/wp-content\/uploads\/2024\/03\/iveco-demo-768x768.png 768w, https:\/\/prolift.ee\/wp-content\/uploads\/2024\/03\/iveco-demo-550x550.png 550w, https:\/\/prolift.ee\/wp-content\/uploads\/2024\/03\/iveco-demo-1024x1024.png 1024w, https:\/\/prolift.ee\/wp-content\/uploads\/2024\/03\/iveco-demo-150x150.png 150w, https:\/\/prolift.ee\/wp-content\/uploads\/2024\/03\/iveco-demo-700x700.png 700w, https:\/\/prolift.ee\/wp-content\/uploads\/2024\/03\/iveco-demo.png 1200w\" sizes=\"(max-width: 768px) 100vw, 768px\" \/><\/a>\n<a data-elementor-open-lightbox=\"yes\" data-elementor-lightbox-slideshow=\"b85d840\" data-elementor-lightbox-title=\"iveco demo (2)\" data-e-action-hash=\"#elementor-action%3Aaction%3Dlightbox%26settings%3DeyJpZCI6Mjc0MTIsInVybCI6Imh0dHBzOlwvXC9wcm9saWZ0LmVlXC93cC1jb250ZW50XC91cGxvYWRzXC8yMDI0XC8wM1wvaXZlY28tZGVtby0yLnBuZyIsInNsaWRlc2hvdyI6ImI4NWQ4NDAifQ%3D%3D\" href='https:\/\/prolift.ee\/wp-content\/uploads\/2024\/03\/iveco-demo-2.png'><img decoding=\"async\" width=\"768\" height=\"768\" src=\"https:\/\/prolift.ee\/wp-content\/uploads\/2024\/03\/iveco-demo-2-768x768.png\" class=\"attachment-medium_large size-medium_large\" alt=\"\" srcset=\"https:\/\/prolift.ee\/wp-content\/uploads\/2024\/03\/iveco-demo-2-768x768.png 768w, https:\/\/prolift.ee\/wp-content\/uploads\/2024\/03\/iveco-demo-2-550x550.png 550w, https:\/\/prolift.ee\/wp-content\/uploads\/2024\/03\/iveco-demo-2-1024x1024.png 1024w, https:\/\/prolift.ee\/wp-content\/uploads\/2024\/03\/iveco-demo-2-150x150.png 150w, https:\/\/prolift.ee\/wp-content\/uploads\/2024\/03\/iveco-demo-2-700x700.png 700w, https:\/\/prolift.ee\/wp-content\/uploads\/2024\/03\/iveco-demo-2.png 1200w\" sizes=\"(max-width: 768px) 100vw, 768px\" \/><\/a>\n\t\t<\/div>\n\t\t\t\t\t\t<\/div>\n\t\t\t\t<\/div>\n\t\t\t\t\t<\/div>\n\t\t<\/div>\n\t\t\t\t\t<\/div>\n\t\t<\/section>\n\t\t\t\t<section class=\"elementor-section elementor-top-section elementor-element elementor-element-2d1a2f2 elementor-section-boxed elementor-section-height-default elementor-section-height-default\" data-id=\"2d1a2f2\" data-element_type=\"section\" data-e-type=\"section\">\n\t\t\t\t\t\t<div class=\"elementor-container elementor-column-gap-default\">\n\t\t\t\t\t<div class=\"elementor-column elementor-col-100 elementor-top-column elementor-element elementor-element-bc5f63b\" data-id=\"bc5f63b\" data-element_type=\"column\" data-e-type=\"column\">\n\t\t\t<div class=\"elementor-widget-wrap elementor-element-populated\">\n\t\t\t\t\t\t<div class=\"elementor-element elementor-element-ffb98d7 elementor-widget elementor-widget-text-editor\" data-id=\"ffb98d7\" data-element_type=\"widget\" data-e-type=\"widget\" data-widget_type=\"text-editor.default\">\n\t\t\t\t<div class=\"elementor-widget-container\">\n\t\t\t\t\t\t\t\t\t<p><a href=\"https:\/\/www.ivpluss.ee\">Iv Pluss AS<\/a> is a commercial vehicle sales and service company with a range of Iveco trucks and vans, Iveco buses, Fiat Professional vans and Laika and Globe-Traveller motorhomes.<\/p>\n<p>If you would like a quotation or more information about our body solutions (lifting equipment, road maintenance, etc.), please contact &#x69;&#x6e;&#102;&#111;&#64;p&#x72;&#x6f;&#x6c;&#105;ft&#x2e;&#x65;&#x65; or our team.<\/p>\n\t\t\t\t\t\t\t\t<\/div>\n\t\t\t\t<\/div>\n\t\t\t\t\t<\/div>\n\t\t<\/div>\n\t\t\t\t\t<\/div>\n\t\t<\/section>\n\t\t\t\t<\/div>\n\t\t","protected":false},"excerpt":{"rendered":"<p>We installed a Fassi crane on an Iveco Daily and necessary tools to make the job safe.<\/p>\n","protected":false},"author":9,"featured_media":27394,"comment_status":"closed","ping_status":"closed","sticky":false,"template":"","format":"standard","meta":{"footnotes":""},"categories":[551,745,661,565,589,585,555,614,590,583,752,748,429,607,552,656,646,587,550,603,578,610,586,419],"tags":[],"class_list":["post-27463","post","type-post","status-publish","format-standard","has-post-thumbnail","hentry","category-alusveok","category-completed-jobs","category-crane","category-fassi","category-fassi-en","category-field-of-activity","category-iveco","category-iveco-en","category-lifting-and-loading-operations","category-madelveoplatvorm","category-myygis","category-myygiks","category-news","category-pealisehitus-2","category-pealisehitus","category-platvorm","category-superstructure-en-2","category-superstructure-brand","category-tegevusvaldkond","category-tehtud-tood","category-toste-ja-laadimistood","category-tostuk","category-undercarriage","category-uudised"],"yoast_head":"<!-- This site is optimized with the Yoast SEO plugin v27.3 - https:\/\/yoast.com\/product\/yoast-seo-wordpress\/ -->\n<title>Iveco Daily demo truck with Fassi lifting equipment for Iv Pluss - Pro Lift O\u00dc<\/title>\n<meta name=\"description\" content=\"We installed a Fassi crane on an Iveco Daily and necessary tools to make the job safe.\" \/>\n<meta name=\"robots\" content=\"index, follow, max-snippet:-1, max-image-preview:large, max-video-preview:-1\" \/>\n<link rel=\"canonical\" href=\"https:\/\/prolift.ee\/en\/iv-pluss-iveco-daily-demo-fassi\/\" \/>\n<meta property=\"og:locale\" content=\"en_US\" \/>\n<meta property=\"og:type\" content=\"article\" \/>\n<meta property=\"og:title\" content=\"Iv Plus Iveco Daily demo truck lift from Pro lift\" \/>\n<meta property=\"og:description\" content=\"We installed a Fassi crane on an Iveco Daily and necessary tools to make the job safe.\" \/>\n<meta property=\"og:url\" content=\"https:\/\/prolift.ee\/en\/iv-pluss-iveco-daily-demo-fassi\/\" \/>\n<meta property=\"og:site_name\" content=\"Pro Lift O\u00dc\" \/>\n<meta property=\"article:publisher\" content=\"https:\/\/www.facebook.com\/proliftou\" \/>\n<meta property=\"article:published_time\" content=\"2024-03-19T14:37:52+00:00\" \/>\n<meta property=\"article:modified_time\" content=\"2024-07-08T10:38:56+00:00\" \/>\n<meta property=\"og:image\" content=\"https:\/\/prolift.ee\/wp-content\/uploads\/2024\/03\/iveco-demo-3-550x550.png\" \/>\n<meta name=\"author\" content=\"Raili Riiberg\" \/>\n<meta name=\"twitter:card\" content=\"summary_large_image\" \/>\n<meta name=\"twitter:title\" content=\"Iv Plus Iveco Daily demo truck lift from Pro lift\" \/>\n<meta name=\"twitter:description\" content=\"We installed a Fassi crane on an Iveco Daily and necessary tools to make the job safe.\" \/>\n<meta name=\"twitter:image\" content=\"https:\/\/prolift.ee\/wp-content\/uploads\/2024\/03\/iveco-demo-3-550x550.png\" \/>\n<meta name=\"twitter:label1\" content=\"Written by\" \/>\n\t<meta name=\"twitter:data1\" content=\"Raili Riiberg\" \/>\n\t<meta name=\"twitter:label2\" content=\"Est. reading time\" \/>\n\t<meta name=\"twitter:data2\" content=\"2 minutes\" \/>\n<script type=\"application\/ld+json\" class=\"yoast-schema-graph\">{\"@context\":\"https:\\\/\\\/schema.org\",\"@graph\":[{\"@type\":\"Article\",\"@id\":\"https:\\\/\\\/prolift.ee\\\/en\\\/iv-pluss-iveco-daily-demo-fassi\\\/#article\",\"isPartOf\":{\"@id\":\"https:\\\/\\\/prolift.ee\\\/en\\\/iv-pluss-iveco-daily-demo-fassi\\\/\"},\"author\":{\"name\":\"Raili Riiberg\",\"@id\":\"https:\\\/\\\/prolift.ee\\\/en\\\/#\\\/schema\\\/person\\\/699fa44bc6c24a1f12c6c174e129495f\"},\"headline\":\"Iveco Daily demo truck with Fassi lifting equipment for Iv Pluss\",\"datePublished\":\"2024-03-19T14:37:52+00:00\",\"dateModified\":\"2024-07-08T10:38:56+00:00\",\"mainEntityOfPage\":{\"@id\":\"https:\\\/\\\/prolift.ee\\\/en\\\/iv-pluss-iveco-daily-demo-fassi\\\/\"},\"wordCount\":160,\"publisher\":{\"@id\":\"https:\\\/\\\/prolift.ee\\\/en\\\/#organization\"},\"image\":{\"@id\":\"https:\\\/\\\/prolift.ee\\\/en\\\/iv-pluss-iveco-daily-demo-fassi\\\/#primaryimage\"},\"thumbnailUrl\":\"https:\\\/\\\/prolift.ee\\\/wp-content\\\/uploads\\\/2024\\\/03\\\/iveco-demo-3.png\",\"articleSection\":[\"Alusveok\",\"Completed jobs\",\"Crane\",\"Fassi\",\"Fassi\",\"Field of activity\",\"Iveco\",\"Iveco\",\"Lifting and loading operations\",\"Madel-, veoplatvorm\",\"M\u00fc\u00fcgis olevad seadmed\",\"M\u00fc\u00fcgis: veokid, t\u00f5steseadmed, haagised\",\"News\",\"Pealisehitus\",\"Pealisehituse kaubam\u00e4rk\",\"Platvorm\",\"Superstructure\",\"Superstructure brand\",\"Tegevusvaldkond\",\"Tehtud t\u00f6\u00f6d\",\"T\u00f5ste- ja laadimist\u00f6\u00f6d\",\"T\u00f5stuk\",\"Undercarriage\",\"Uudised\"],\"inLanguage\":\"en-US\"},{\"@type\":\"WebPage\",\"@id\":\"https:\\\/\\\/prolift.ee\\\/en\\\/iv-pluss-iveco-daily-demo-fassi\\\/\",\"url\":\"https:\\\/\\\/prolift.ee\\\/en\\\/iv-pluss-iveco-daily-demo-fassi\\\/\",\"name\":\"Iveco Daily demo truck with Fassi lifting equipment for Iv Pluss - Pro Lift O\u00dc\",\"isPartOf\":{\"@id\":\"https:\\\/\\\/prolift.ee\\\/en\\\/#website\"},\"primaryImageOfPage\":{\"@id\":\"https:\\\/\\\/prolift.ee\\\/en\\\/iv-pluss-iveco-daily-demo-fassi\\\/#primaryimage\"},\"image\":{\"@id\":\"https:\\\/\\\/prolift.ee\\\/en\\\/iv-pluss-iveco-daily-demo-fassi\\\/#primaryimage\"},\"thumbnailUrl\":\"https:\\\/\\\/prolift.ee\\\/wp-content\\\/uploads\\\/2024\\\/03\\\/iveco-demo-3.png\",\"datePublished\":\"2024-03-19T14:37:52+00:00\",\"dateModified\":\"2024-07-08T10:38:56+00:00\",\"description\":\"We installed a Fassi crane on an Iveco Daily and necessary tools to make the job safe.\",\"breadcrumb\":{\"@id\":\"https:\\\/\\\/prolift.ee\\\/en\\\/iv-pluss-iveco-daily-demo-fassi\\\/#breadcrumb\"},\"inLanguage\":\"en-US\",\"potentialAction\":[{\"@type\":\"ReadAction\",\"target\":[\"https:\\\/\\\/prolift.ee\\\/en\\\/iv-pluss-iveco-daily-demo-fassi\\\/\"]}]},{\"@type\":\"ImageObject\",\"inLanguage\":\"en-US\",\"@id\":\"https:\\\/\\\/prolift.ee\\\/en\\\/iv-pluss-iveco-daily-demo-fassi\\\/#primaryimage\",\"url\":\"https:\\\/\\\/prolift.ee\\\/wp-content\\\/uploads\\\/2024\\\/03\\\/iveco-demo-3.png\",\"contentUrl\":\"https:\\\/\\\/prolift.ee\\\/wp-content\\\/uploads\\\/2024\\\/03\\\/iveco-demo-3.png\",\"width\":1200,\"height\":1200},{\"@type\":\"BreadcrumbList\",\"@id\":\"https:\\\/\\\/prolift.ee\\\/en\\\/iv-pluss-iveco-daily-demo-fassi\\\/#breadcrumb\",\"itemListElement\":[{\"@type\":\"ListItem\",\"position\":1,\"name\":\"Home\",\"item\":\"https:\\\/\\\/prolift.ee\\\/en\\\/homepage\\\/\"},{\"@type\":\"ListItem\",\"position\":2,\"name\":\"Iveco Daily demo truck with Fassi lifting equipment for Iv Pluss\"}]},{\"@type\":\"WebSite\",\"@id\":\"https:\\\/\\\/prolift.ee\\\/en\\\/#website\",\"url\":\"https:\\\/\\\/prolift.ee\\\/en\\\/\",\"name\":\"Pro Lift O\u00dc\",\"description\":\"Pealisehituse valmislahendused\",\"publisher\":{\"@id\":\"https:\\\/\\\/prolift.ee\\\/en\\\/#organization\"},\"potentialAction\":[{\"@type\":\"SearchAction\",\"target\":{\"@type\":\"EntryPoint\",\"urlTemplate\":\"https:\\\/\\\/prolift.ee\\\/en\\\/?s={search_term_string}\"},\"query-input\":{\"@type\":\"PropertyValueSpecification\",\"valueRequired\":true,\"valueName\":\"search_term_string\"}}],\"inLanguage\":\"en-US\"},{\"@type\":\"Organization\",\"@id\":\"https:\\\/\\\/prolift.ee\\\/en\\\/#organization\",\"name\":\"Pro Lift O\u00dc\",\"url\":\"https:\\\/\\\/prolift.ee\\\/en\\\/\",\"logo\":{\"@type\":\"ImageObject\",\"inLanguage\":\"en-US\",\"@id\":\"https:\\\/\\\/prolift.ee\\\/en\\\/#\\\/schema\\\/logo\\\/image\\\/\",\"url\":\"https:\\\/\\\/prolift.ee\\\/wp-content\\\/uploads\\\/2021\\\/07\\\/Logo_Full_Color.svg\",\"contentUrl\":\"https:\\\/\\\/prolift.ee\\\/wp-content\\\/uploads\\\/2021\\\/07\\\/Logo_Full_Color.svg\",\"width\":1,\"height\":1,\"caption\":\"Pro Lift O\u00dc\"},\"image\":{\"@id\":\"https:\\\/\\\/prolift.ee\\\/en\\\/#\\\/schema\\\/logo\\\/image\\\/\"},\"sameAs\":[\"https:\\\/\\\/www.facebook.com\\\/proliftou\",\"https:\\\/\\\/www.instagram.com\\\/proliftou\\\/\",\"https:\\\/\\\/www.linkedin.com\\\/company\\\/prolift\\\/\"]},{\"@type\":\"Person\",\"@id\":\"https:\\\/\\\/prolift.ee\\\/en\\\/#\\\/schema\\\/person\\\/699fa44bc6c24a1f12c6c174e129495f\",\"name\":\"Raili Riiberg\",\"image\":{\"@type\":\"ImageObject\",\"inLanguage\":\"en-US\",\"@id\":\"https:\\\/\\\/secure.gravatar.com\\\/avatar\\\/c53ae419ae3ada96b7c05e78c9150182144d11f5b50d2fff47c860fb6b4e745b?s=96&d=mm&r=g\",\"url\":\"https:\\\/\\\/secure.gravatar.com\\\/avatar\\\/c53ae419ae3ada96b7c05e78c9150182144d11f5b50d2fff47c860fb6b4e745b?s=96&d=mm&r=g\",\"contentUrl\":\"https:\\\/\\\/secure.gravatar.com\\\/avatar\\\/c53ae419ae3ada96b7c05e78c9150182144d11f5b50d2fff47c860fb6b4e745b?s=96&d=mm&r=g\",\"caption\":\"Raili Riiberg\"},\"sameAs\":[\"https:\\\/\\\/prolift.ee\\\/\"]}]}<\/script>\n<!-- \/ Yoast SEO plugin. -->","yoast_head_json":{"title":"Iveco Daily demo truck with Fassi lifting equipment for Iv Pluss - Pro Lift O\u00dc","description":"We installed a Fassi crane on an Iveco Daily and necessary tools to make the job safe.","robots":{"index":"index","follow":"follow","max-snippet":"max-snippet:-1","max-image-preview":"max-image-preview:large","max-video-preview":"max-video-preview:-1"},"canonical":"https:\/\/prolift.ee\/en\/iv-pluss-iveco-daily-demo-fassi\/","og_locale":"en_US","og_type":"article","og_title":"Iv Plus Iveco Daily demo truck lift from Pro lift","og_description":"We installed a Fassi crane on an Iveco Daily and necessary tools to make the job safe.","og_url":"https:\/\/prolift.ee\/en\/iv-pluss-iveco-daily-demo-fassi\/","og_site_name":"Pro Lift O\u00dc","article_publisher":"https:\/\/www.facebook.com\/proliftou","article_published_time":"2024-03-19T14:37:52+00:00","article_modified_time":"2024-07-08T10:38:56+00:00","og_image":[{"url":"https:\/\/prolift.ee\/wp-content\/uploads\/2024\/03\/iveco-demo-3-550x550.png","type":"","width":"","height":""}],"author":"Raili Riiberg","twitter_card":"summary_large_image","twitter_title":"Iv Plus Iveco Daily demo truck lift from Pro lift","twitter_description":"We installed a Fassi crane on an Iveco Daily and necessary tools to make the job safe.","twitter_image":"https:\/\/prolift.ee\/wp-content\/uploads\/2024\/03\/iveco-demo-3-550x550.png","twitter_misc":{"Written by":"Raili Riiberg","Est. reading time":"2 minutes"},"schema":{"@context":"https:\/\/schema.org","@graph":[{"@type":"Article","@id":"https:\/\/prolift.ee\/en\/iv-pluss-iveco-daily-demo-fassi\/#article","isPartOf":{"@id":"https:\/\/prolift.ee\/en\/iv-pluss-iveco-daily-demo-fassi\/"},"author":{"name":"Raili Riiberg","@id":"https:\/\/prolift.ee\/en\/#\/schema\/person\/699fa44bc6c24a1f12c6c174e129495f"},"headline":"Iveco Daily demo truck with Fassi lifting equipment for Iv Pluss","datePublished":"2024-03-19T14:37:52+00:00","dateModified":"2024-07-08T10:38:56+00:00","mainEntityOfPage":{"@id":"https:\/\/prolift.ee\/en\/iv-pluss-iveco-daily-demo-fassi\/"},"wordCount":160,"publisher":{"@id":"https:\/\/prolift.ee\/en\/#organization"},"image":{"@id":"https:\/\/prolift.ee\/en\/iv-pluss-iveco-daily-demo-fassi\/#primaryimage"},"thumbnailUrl":"https:\/\/prolift.ee\/wp-content\/uploads\/2024\/03\/iveco-demo-3.png","articleSection":["Alusveok","Completed jobs","Crane","Fassi","Fassi","Field of activity","Iveco","Iveco","Lifting and loading operations","Madel-, veoplatvorm","M\u00fc\u00fcgis olevad seadmed","M\u00fc\u00fcgis: veokid, t\u00f5steseadmed, haagised","News","Pealisehitus","Pealisehituse kaubam\u00e4rk","Platvorm","Superstructure","Superstructure brand","Tegevusvaldkond","Tehtud t\u00f6\u00f6d","T\u00f5ste- ja laadimist\u00f6\u00f6d","T\u00f5stuk","Undercarriage","Uudised"],"inLanguage":"en-US"},{"@type":"WebPage","@id":"https:\/\/prolift.ee\/en\/iv-pluss-iveco-daily-demo-fassi\/","url":"https:\/\/prolift.ee\/en\/iv-pluss-iveco-daily-demo-fassi\/","name":"Iveco Daily demo truck with Fassi lifting equipment for Iv Pluss - Pro Lift O\u00dc","isPartOf":{"@id":"https:\/\/prolift.ee\/en\/#website"},"primaryImageOfPage":{"@id":"https:\/\/prolift.ee\/en\/iv-pluss-iveco-daily-demo-fassi\/#primaryimage"},"image":{"@id":"https:\/\/prolift.ee\/en\/iv-pluss-iveco-daily-demo-fassi\/#primaryimage"},"thumbnailUrl":"https:\/\/prolift.ee\/wp-content\/uploads\/2024\/03\/iveco-demo-3.png","datePublished":"2024-03-19T14:37:52+00:00","dateModified":"2024-07-08T10:38:56+00:00","description":"We installed a Fassi crane on an Iveco Daily and necessary tools to make the job safe.","breadcrumb":{"@id":"https:\/\/prolift.ee\/en\/iv-pluss-iveco-daily-demo-fassi\/#breadcrumb"},"inLanguage":"en-US","potentialAction":[{"@type":"ReadAction","target":["https:\/\/prolift.ee\/en\/iv-pluss-iveco-daily-demo-fassi\/"]}]},{"@type":"ImageObject","inLanguage":"en-US","@id":"https:\/\/prolift.ee\/en\/iv-pluss-iveco-daily-demo-fassi\/#primaryimage","url":"https:\/\/prolift.ee\/wp-content\/uploads\/2024\/03\/iveco-demo-3.png","contentUrl":"https:\/\/prolift.ee\/wp-content\/uploads\/2024\/03\/iveco-demo-3.png","width":1200,"height":1200},{"@type":"BreadcrumbList","@id":"https:\/\/prolift.ee\/en\/iv-pluss-iveco-daily-demo-fassi\/#breadcrumb","itemListElement":[{"@type":"ListItem","position":1,"name":"Home","item":"https:\/\/prolift.ee\/en\/homepage\/"},{"@type":"ListItem","position":2,"name":"Iveco Daily demo truck with Fassi lifting equipment for Iv Pluss"}]},{"@type":"WebSite","@id":"https:\/\/prolift.ee\/en\/#website","url":"https:\/\/prolift.ee\/en\/","name":"Pro Lift O\u00dc","description":"Pealisehituse valmislahendused","publisher":{"@id":"https:\/\/prolift.ee\/en\/#organization"},"potentialAction":[{"@type":"SearchAction","target":{"@type":"EntryPoint","urlTemplate":"https:\/\/prolift.ee\/en\/?s={search_term_string}"},"query-input":{"@type":"PropertyValueSpecification","valueRequired":true,"valueName":"search_term_string"}}],"inLanguage":"en-US"},{"@type":"Organization","@id":"https:\/\/prolift.ee\/en\/#organization","name":"Pro Lift O\u00dc","url":"https:\/\/prolift.ee\/en\/","logo":{"@type":"ImageObject","inLanguage":"en-US","@id":"https:\/\/prolift.ee\/en\/#\/schema\/logo\/image\/","url":"https:\/\/prolift.ee\/wp-content\/uploads\/2021\/07\/Logo_Full_Color.svg","contentUrl":"https:\/\/prolift.ee\/wp-content\/uploads\/2021\/07\/Logo_Full_Color.svg","width":1,"height":1,"caption":"Pro Lift O\u00dc"},"image":{"@id":"https:\/\/prolift.ee\/en\/#\/schema\/logo\/image\/"},"sameAs":["https:\/\/www.facebook.com\/proliftou","https:\/\/www.instagram.com\/proliftou\/","https:\/\/www.linkedin.com\/company\/prolift\/"]},{"@type":"Person","@id":"https:\/\/prolift.ee\/en\/#\/schema\/person\/699fa44bc6c24a1f12c6c174e129495f","name":"Raili Riiberg","image":{"@type":"ImageObject","inLanguage":"en-US","@id":"https:\/\/secure.gravatar.com\/avatar\/c53ae419ae3ada96b7c05e78c9150182144d11f5b50d2fff47c860fb6b4e745b?s=96&d=mm&r=g","url":"https:\/\/secure.gravatar.com\/avatar\/c53ae419ae3ada96b7c05e78c9150182144d11f5b50d2fff47c860fb6b4e745b?s=96&d=mm&r=g","contentUrl":"https:\/\/secure.gravatar.com\/avatar\/c53ae419ae3ada96b7c05e78c9150182144d11f5b50d2fff47c860fb6b4e745b?s=96&d=mm&r=g","caption":"Raili Riiberg"},"sameAs":["https:\/\/prolift.ee\/"]}]}},"_links":{"self":[{"href":"https:\/\/prolift.ee\/en\/wp-json\/wp\/v2\/posts\/27463","targetHints":{"allow":["GET"]}}],"collection":[{"href":"https:\/\/prolift.ee\/en\/wp-json\/wp\/v2\/posts"}],"about":[{"href":"https:\/\/prolift.ee\/en\/wp-json\/wp\/v2\/types\/post"}],"author":[{"embeddable":true,"href":"https:\/\/prolift.ee\/en\/wp-json\/wp\/v2\/users\/9"}],"replies":[{"embeddable":true,"href":"https:\/\/prolift.ee\/en\/wp-json\/wp\/v2\/comments?post=27463"}],"version-history":[{"count":2,"href":"https:\/\/prolift.ee\/en\/wp-json\/wp\/v2\/posts\/27463\/revisions"}],"predecessor-version":[{"id":27467,"href":"https:\/\/prolift.ee\/en\/wp-json\/wp\/v2\/posts\/27463\/revisions\/27467"}],"wp:featuredmedia":[{"embeddable":true,"href":"https:\/\/prolift.ee\/en\/wp-json\/wp\/v2\/media\/27394"}],"wp:attachment":[{"href":"https:\/\/prolift.ee\/en\/wp-json\/wp\/v2\/media?parent=27463"}],"wp:term":[{"taxonomy":"category","embeddable":true,"href":"https:\/\/prolift.ee\/en\/wp-json\/wp\/v2\/categories?post=27463"},{"taxonomy":"post_tag","embeddable":true,"href":"https:\/\/prolift.ee\/en\/wp-json\/wp\/v2\/tags?post=27463"}],"curies":[{"name":"wp","href":"https:\/\/api.w.org\/{rel}","templated":true}]}}